{"id":101,"date":"2014-06-05T11:47:17","date_gmt":"2014-06-05T11:47:17","guid":{"rendered":"http:\/\/www.tecnocortinas.com\/blog\/?p=101"},"modified":"2020-05-11T08:54:05","modified_gmt":"2020-05-11T07:54:05","slug":"mezclando-estilos","status":"publish","type":"post","link":"https:\/\/www.tecnocortinas.com\/blog\/mezclando-estilos\/","title":{"rendered":"MEZCLANDO ESTILOS&#8230;."},"content":{"rendered":"<p>Te has preguntado en alguna ocasi\u00f3n \u00bfque es lo que hacen muchos decoradores para que sus trabajos tengan esa belleza y personalidad, esa elegante originalidad que te sorprende y que nunca se te hubiese ocurrido hacer?<\/p>\n<p>Pues nosotros queremos ayudarte a saber cuales son las claves para decorar con personalidad, con gusto, reflejando claramente tu car\u00e1cter y que consigas que tu casa sea \u00fanica.<\/p>\n<p>En primer lugar olv\u00eddate de comprar los muebles a juego, es decir, como te lo exponen en las tiendas normales de muebles, compra los muebles sin miedo, a piezas individuales, los que te sugieran algo sin tener demasiado en cuenta que el estilo de unas piezas sea el mismo que las otras y busca algunas piezas diferentes, no convencionales, que aportar\u00e1n personalidad y marcar\u00e1n la diferencia entre lo convencional y lo sorprendente.<\/p>\n<p>Mezclar muebles diferentes con maderas y acabados muy desiguales, como el acero o forja mezclado con todo tipo de maderas, dar\u00e1n lugar a un juego est\u00e9tico muy personal y exclusivo. Como en el ejemplo de la fotograf\u00eda en la que vemos una mesa de comedor con estructura de acero y como tablero travesa\u00f1os de madera de derribo lacados en blanco, que no tiene nada que ver est\u00e9ticamente con la mesa de la zona de estar que es una mesa con forma de mueble colonial en madera oscura y con incrustaciones de pedrer\u00eda en azul y surcos formando un dibujo \u00e9tnico, sin embargo, acompa\u00f1ada de las sillas y sillones \u00a0tapizados en telas lisas y a rayas rusticas en colores naturales el ambiente creado rebosa personalidad, es contempor\u00e1neo y elegante y no podemos enmarcarlo en ning\u00fan estilo concreto.<\/p>\n<p>Finalmente utiliza los complementos de la misma manera; la iluminaci\u00f3n nunca a juego, la lampara de techo completamente diferente a la de la mesa de centro o a la de pie, pon alfombras sin seguir un estilo concreto, la que te guste, puedes poner por ejemplo un kilim en un entorno muy moderno o una alfombra de dise\u00f1o en un ambiente mas r\u00fastico. Por \u00faltimo, para colocar los objetos de decoraci\u00f3n no sigas las pautas normales, pon objetos grandes, originales y contundentes, piensa en cada muebles como si fuese un escenario de teatro, los objetos mas grandes a los extremos del mismo y pegados atr\u00e1s y si colocas en ese mismo mueble algo mas peque\u00f1o ponlo delante y mas al centro.<\/p>\n<p>Haz de tu casa un sitio muy especial, un sitio dif\u00edcil de repetir fuera de ella, un lugar en el que desees estar&#8230;&#8230;<\/p>\n","protected":false},"excerpt":{"rendered":"<p>Te has preguntado en alguna ocasi\u00f3n \u00bfque es lo que hacen muchos decoradores para que sus trabajos tengan esa belleza y personalidad, esa elegante originalidad que te sorprende y que nunca se te hubiese ocurrido hacer? Pues nosotros queremos ayudarte a saber cuales son las claves para decorar con personalidad, con gusto, reflejando claramente tu [&hellip;]<\/p>\n","protected":false},"author":2,"featured_media":102,"comment_status":"closed","ping_status":"closed","sticky":false,"template":"","format":"standard","meta":{"_et_pb_use_builder":"","_et_pb_old_content":"","_et_gb_content_width":""},"categories":[4],"tags":[],"yoast_head":"<!-- This site is optimized with the Yoast SEO plugin v18.9 - https:\/\/yoast.com\/wordpress\/plugins\/seo\/ -->\n<title>Mezclando estilos de decoraci\u00f3n, \u00a1 Qu\u00e9 radical !!!!<\/title>\n<meta name=\"description\" content=\"La personalidad de un hogar lo es todo, no deseamos tener algo id\u00e9ntico al vecino y la proposici\u00f3n de muchos decoradores se llama &quot;Combinaci\u00f3n&quot;\" \/>\n<meta name=\"robots\" content=\"index, follow, max-snippet:-1, max-image-preview:large, max-video-preview:-1\" \/>\n<link rel=\"canonical\" href=\"https:\/\/www.tecnocortinas.com\/blog\/mezclando-estilos\/\" \/>\n<meta property=\"og:locale\" content=\"es_ES\" \/>\n<meta property=\"og:type\" content=\"article\" \/>\n<meta property=\"og:title\" content=\"Mezclando estilos de decoraci\u00f3n, \u00a1 Qu\u00e9 radical !!!!\" \/>\n<meta property=\"og:description\" content=\"La personalidad de un hogar lo es todo, no deseamos tener algo id\u00e9ntico al vecino y la proposici\u00f3n de muchos decoradores se llama &quot;Combinaci\u00f3n&quot;\" \/>\n<meta property=\"og:url\" content=\"https:\/\/www.tecnocortinas.com\/blog\/mezclando-estilos\/\" \/>\n<meta property=\"og:site_name\" content=\"Consejos y novedades en cortinas y estores Tecnocortinas\" \/>\n<meta property=\"article:published_time\" content=\"2014-06-05T11:47:17+00:00\" \/>\n<meta property=\"article:modified_time\" content=\"2020-05-11T07:54:05+00:00\" \/>\n<meta property=\"og:image\" content=\"https:\/\/www.tecnocortinas.com\/blog\/wp-content\/uploads\/2014\/06\/IMG_0465-1024x682.jpg\" \/>\n\t<meta property=\"og:image:width\" content=\"1024\" \/>\n\t<meta property=\"og:image:height\" content=\"682\" \/>\n\t<meta property=\"og:image:type\" content=\"image\/jpeg\" \/>\n<meta name=\"twitter:card\" content=\"summary_large_image\" \/>\n<meta name=\"twitter:label1\" content=\"Escrito por\" \/>\n\t<meta name=\"twitter:data1\" content=\"Tecnocortinas\" \/>\n\t<meta name=\"twitter:label2\" content=\"Tiempo de lectura\" \/>\n\t<meta name=\"twitter:data2\" content=\"2 minutos\" \/>\n<script type=\"application\/ld+json\" class=\"yoast-schema-graph\">{\"@context\":\"https:\/\/schema.org\",\"@graph\":[{\"@type\":\"Organization\",\"@id\":\"https:\/\/www.tecnocortinas.com\/blog\/#organization\",\"name\":\"Tecnocortinas Blog\",\"url\":\"https:\/\/www.tecnocortinas.com\/blog\/\",\"sameAs\":[],\"logo\":{\"@type\":\"ImageObject\",\"inLanguage\":\"es\",\"@id\":\"https:\/\/www.tecnocortinas.com\/blog\/#\/schema\/logo\/image\/\",\"url\":\"https:\/\/www.tecnocortinas.com\/blog\/wp-content\/uploads\/2017\/09\/tecnocortinas-logo-1460657368.png\",\"contentUrl\":\"https:\/\/www.tecnocortinas.com\/blog\/wp-content\/uploads\/2017\/09\/tecnocortinas-logo-1460657368.png\",\"width\":183,\"height\":67,\"caption\":\"Tecnocortinas Blog\"},\"image\":{\"@id\":\"https:\/\/www.tecnocortinas.com\/blog\/#\/schema\/logo\/image\/\"}},{\"@type\":\"WebSite\",\"@id\":\"https:\/\/www.tecnocortinas.com\/blog\/#website\",\"url\":\"https:\/\/www.tecnocortinas.com\/blog\/\",\"name\":\"Consejos y novedades en cortinas y estores Tecnocortinas\",\"description\":\"Noticias y sugerencias para la decoraci\u00f3n con la \u00faltima moda en cortinas y estores desde tu tienda online Tecnocort\u00ednas\",\"publisher\":{\"@id\":\"https:\/\/www.tecnocortinas.com\/blog\/#organization\"},\"potentialAction\":[{\"@type\":\"SearchAction\",\"target\":{\"@type\":\"EntryPoint\",\"urlTemplate\":\"https:\/\/www.tecnocortinas.com\/blog\/?s={search_term_string}\"},\"query-input\":\"required name=search_term_string\"}],\"inLanguage\":\"es\"},{\"@type\":\"ImageObject\",\"inLanguage\":\"es\",\"@id\":\"https:\/\/www.tecnocortinas.com\/blog\/mezclando-estilos\/#primaryimage\",\"url\":\"https:\/\/www.tecnocortinas.com\/blog\/wp-content\/uploads\/2014\/06\/IMG_0465.jpg\",\"contentUrl\":\"https:\/\/www.tecnocortinas.com\/blog\/wp-content\/uploads\/2014\/06\/IMG_0465.jpg\",\"width\":4272,\"height\":2848,\"caption\":\"MEZCLANDO ESTILOS\u2026.\"},{\"@type\":[\"WebPage\",\"ItemPage\"],\"@id\":\"https:\/\/www.tecnocortinas.com\/blog\/mezclando-estilos\/#webpage\",\"url\":\"https:\/\/www.tecnocortinas.com\/blog\/mezclando-estilos\/\",\"name\":\"Mezclando estilos de decoraci\u00f3n, \u00a1 Qu\u00e9 radical !!!!\",\"isPartOf\":{\"@id\":\"https:\/\/www.tecnocortinas.com\/blog\/#website\"},\"primaryImageOfPage\":{\"@id\":\"https:\/\/www.tecnocortinas.com\/blog\/mezclando-estilos\/#primaryimage\"},\"datePublished\":\"2014-06-05T11:47:17+00:00\",\"dateModified\":\"2020-05-11T07:54:05+00:00\",\"description\":\"La personalidad de un hogar lo es todo, no deseamos tener algo id\u00e9ntico al vecino y la proposici\u00f3n de muchos decoradores se llama \\\"Combinaci\u00f3n\\\"\",\"breadcrumb\":{\"@id\":\"https:\/\/www.tecnocortinas.com\/blog\/mezclando-estilos\/#breadcrumb\"},\"inLanguage\":\"es\",\"potentialAction\":[{\"@type\":\"ReadAction\",\"target\":[\"https:\/\/www.tecnocortinas.com\/blog\/mezclando-estilos\/\"]}]},{\"@type\":\"BreadcrumbList\",\"@id\":\"https:\/\/www.tecnocortinas.com\/blog\/mezclando-estilos\/#breadcrumb\",\"itemListElement\":[{\"@type\":\"ListItem\",\"position\":1,\"name\":\"Portada\",\"item\":\"https:\/\/www.tecnocortinas.com\/blog\/\"},{\"@type\":\"ListItem\",\"position\":2,\"name\":\"MEZCLANDO ESTILOS&#8230;.\"}]},{\"@type\":\"Article\",\"@id\":\"https:\/\/www.tecnocortinas.com\/blog\/mezclando-estilos\/#article\",\"isPartOf\":{\"@id\":\"https:\/\/www.tecnocortinas.com\/blog\/mezclando-estilos\/#webpage\"},\"author\":{\"@id\":\"https:\/\/www.tecnocortinas.com\/blog\/#\/schema\/person\/2bbd38c5d0dae0d3f725d8a768ccabc2\"},\"headline\":\"MEZCLANDO ESTILOS&#8230;.\",\"datePublished\":\"2014-06-05T11:47:17+00:00\",\"dateModified\":\"2020-05-11T07:54:05+00:00\",\"mainEntityOfPage\":{\"@id\":\"https:\/\/www.tecnocortinas.com\/blog\/mezclando-estilos\/#webpage\"},\"wordCount\":439,\"publisher\":{\"@id\":\"https:\/\/www.tecnocortinas.com\/blog\/#organization\"},\"image\":{\"@id\":\"https:\/\/www.tecnocortinas.com\/blog\/mezclando-estilos\/#primaryimage\"},\"thumbnailUrl\":\"https:\/\/www.tecnocortinas.com\/blog\/wp-content\/uploads\/2014\/06\/IMG_0465.jpg\",\"articleSection\":[\"La Decoraci\u00f3n\"],\"inLanguage\":\"es\"},{\"@type\":\"Person\",\"@id\":\"https:\/\/www.tecnocortinas.com\/blog\/#\/schema\/person\/2bbd38c5d0dae0d3f725d8a768ccabc2\",\"name\":\"Tecnocortinas\",\"image\":{\"@type\":\"ImageObject\",\"inLanguage\":\"es\",\"@id\":\"https:\/\/www.tecnocortinas.com\/blog\/#\/schema\/person\/image\/\",\"url\":\"https:\/\/secure.gravatar.com\/avatar\/bb2de11030b70e897d5027b7b7a75604?s=96&d=mm&r=g\",\"contentUrl\":\"https:\/\/secure.gravatar.com\/avatar\/bb2de11030b70e897d5027b7b7a75604?s=96&d=mm&r=g\",\"caption\":\"Tecnocortinas\"}}]}<\/script>\n<!-- \/ Yoast SEO plugin. -->","yoast_head_json":{"title":"Mezclando estilos de decoraci\u00f3n, \u00a1 Qu\u00e9 radical !!!!","description":"La personalidad de un hogar lo es todo, no deseamos tener algo id\u00e9ntico al vecino y la proposici\u00f3n de muchos decoradores se llama \"Combinaci\u00f3n\"","robots":{"index":"index","follow":"follow","max-snippet":"max-snippet:-1","max-image-preview":"max-image-preview:large","max-video-preview":"max-video-preview:-1"},"canonical":"https:\/\/www.tecnocortinas.com\/blog\/mezclando-estilos\/","og_locale":"es_ES","og_type":"article","og_title":"Mezclando estilos de decoraci\u00f3n, \u00a1 Qu\u00e9 radical !!!!","og_description":"La personalidad de un hogar lo es todo, no deseamos tener algo id\u00e9ntico al vecino y la proposici\u00f3n de muchos decoradores se llama \"Combinaci\u00f3n\"","og_url":"https:\/\/www.tecnocortinas.com\/blog\/mezclando-estilos\/","og_site_name":"Consejos y novedades en cortinas y estores Tecnocortinas","article_published_time":"2014-06-05T11:47:17+00:00","article_modified_time":"2020-05-11T07:54:05+00:00","og_image":[{"width":1024,"height":682,"url":"https:\/\/www.tecnocortinas.com\/blog\/wp-content\/uploads\/2014\/06\/IMG_0465-1024x682.jpg","type":"image\/jpeg"}],"twitter_card":"summary_large_image","twitter_misc":{"Escrito por":"Tecnocortinas","Tiempo de lectura":"2 minutos"},"schema":{"@context":"https:\/\/schema.org","@graph":[{"@type":"Organization","@id":"https:\/\/www.tecnocortinas.com\/blog\/#organization","name":"Tecnocortinas Blog","url":"https:\/\/www.tecnocortinas.com\/blog\/","sameAs":[],"logo":{"@type":"ImageObject","inLanguage":"es","@id":"https:\/\/www.tecnocortinas.com\/blog\/#\/schema\/logo\/image\/","url":"https:\/\/www.tecnocortinas.com\/blog\/wp-content\/uploads\/2017\/09\/tecnocortinas-logo-1460657368.png","contentUrl":"https:\/\/www.tecnocortinas.com\/blog\/wp-content\/uploads\/2017\/09\/tecnocortinas-logo-1460657368.png","width":183,"height":67,"caption":"Tecnocortinas Blog"},"image":{"@id":"https:\/\/www.tecnocortinas.com\/blog\/#\/schema\/logo\/image\/"}},{"@type":"WebSite","@id":"https:\/\/www.tecnocortinas.com\/blog\/#website","url":"https:\/\/www.tecnocortinas.com\/blog\/","name":"Consejos y novedades en cortinas y estores Tecnocortinas","description":"Noticias y sugerencias para la decoraci\u00f3n con la \u00faltima moda en cortinas y estores desde tu tienda online Tecnocort\u00ednas","publisher":{"@id":"https:\/\/www.tecnocortinas.com\/blog\/#organization"},"potentialAction":[{"@type":"SearchAction","target":{"@type":"EntryPoint","urlTemplate":"https:\/\/www.tecnocortinas.com\/blog\/?s={search_term_string}"},"query-input":"required name=search_term_string"}],"inLanguage":"es"},{"@type":"ImageObject","inLanguage":"es","@id":"https:\/\/www.tecnocortinas.com\/blog\/mezclando-estilos\/#primaryimage","url":"https:\/\/www.tecnocortinas.com\/blog\/wp-content\/uploads\/2014\/06\/IMG_0465.jpg","contentUrl":"https:\/\/www.tecnocortinas.com\/blog\/wp-content\/uploads\/2014\/06\/IMG_0465.jpg","width":4272,"height":2848,"caption":"MEZCLANDO ESTILOS\u2026."},{"@type":["WebPage","ItemPage"],"@id":"https:\/\/www.tecnocortinas.com\/blog\/mezclando-estilos\/#webpage","url":"https:\/\/www.tecnocortinas.com\/blog\/mezclando-estilos\/","name":"Mezclando estilos de decoraci\u00f3n, \u00a1 Qu\u00e9 radical !!!!","isPartOf":{"@id":"https:\/\/www.tecnocortinas.com\/blog\/#website"},"primaryImageOfPage":{"@id":"https:\/\/www.tecnocortinas.com\/blog\/mezclando-estilos\/#primaryimage"},"datePublished":"2014-06-05T11:47:17+00:00","dateModified":"2020-05-11T07:54:05+00:00","description":"La personalidad de un hogar lo es todo, no deseamos tener algo id\u00e9ntico al vecino y la proposici\u00f3n de muchos decoradores se llama \"Combinaci\u00f3n\"","breadcrumb":{"@id":"https:\/\/www.tecnocortinas.com\/blog\/mezclando-estilos\/#breadcrumb"},"inLanguage":"es","potentialAction":[{"@type":"ReadAction","target":["https:\/\/www.tecnocortinas.com\/blog\/mezclando-estilos\/"]}]},{"@type":"BreadcrumbList","@id":"https:\/\/www.tecnocortinas.com\/blog\/mezclando-estilos\/#breadcrumb","itemListElement":[{"@type":"ListItem","position":1,"name":"Portada","item":"https:\/\/www.tecnocortinas.com\/blog\/"},{"@type":"ListItem","position":2,"name":"MEZCLANDO ESTILOS&#8230;."}]},{"@type":"Article","@id":"https:\/\/www.tecnocortinas.com\/blog\/mezclando-estilos\/#article","isPartOf":{"@id":"https:\/\/www.tecnocortinas.com\/blog\/mezclando-estilos\/#webpage"},"author":{"@id":"https:\/\/www.tecnocortinas.com\/blog\/#\/schema\/person\/2bbd38c5d0dae0d3f725d8a768ccabc2"},"headline":"MEZCLANDO ESTILOS&#8230;.","datePublished":"2014-06-05T11:47:17+00:00","dateModified":"2020-05-11T07:54:05+00:00","mainEntityOfPage":{"@id":"https:\/\/www.tecnocortinas.com\/blog\/mezclando-estilos\/#webpage"},"wordCount":439,"publisher":{"@id":"https:\/\/www.tecnocortinas.com\/blog\/#organization"},"image":{"@id":"https:\/\/www.tecnocortinas.com\/blog\/mezclando-estilos\/#primaryimage"},"thumbnailUrl":"https:\/\/www.tecnocortinas.com\/blog\/wp-content\/uploads\/2014\/06\/IMG_0465.jpg","articleSection":["La Decoraci\u00f3n"],"inLanguage":"es"},{"@type":"Person","@id":"https:\/\/www.tecnocortinas.com\/blog\/#\/schema\/person\/2bbd38c5d0dae0d3f725d8a768ccabc2","name":"Tecnocortinas","image":{"@type":"ImageObject","inLanguage":"es","@id":"https:\/\/www.tecnocortinas.com\/blog\/#\/schema\/person\/image\/","url":"https:\/\/secure.gravatar.com\/avatar\/bb2de11030b70e897d5027b7b7a75604?s=96&d=mm&r=g","contentUrl":"https:\/\/secure.gravatar.com\/avatar\/bb2de11030b70e897d5027b7b7a75604?s=96&d=mm&r=g","caption":"Tecnocortinas"}}]}},"_links":{"self":[{"href":"https:\/\/www.tecnocortinas.com\/blog\/wp-json\/wp\/v2\/posts\/101"}],"collection":[{"href":"https:\/\/www.tecnocortinas.com\/blog\/wp-json\/wp\/v2\/posts"}],"about":[{"href":"https:\/\/www.tecnocortinas.com\/blog\/wp-json\/wp\/v2\/types\/post"}],"author":[{"embeddable":true,"href":"https:\/\/www.tecnocortinas.com\/blog\/wp-json\/wp\/v2\/users\/2"}],"replies":[{"embeddable":true,"href":"https:\/\/www.tecnocortinas.com\/blog\/wp-json\/wp\/v2\/comments?post=101"}],"version-history":[{"count":1,"href":"https:\/\/www.tecnocortinas.com\/blog\/wp-json\/wp\/v2\/posts\/101\/revisions"}],"predecessor-version":[{"id":103,"href":"https:\/\/www.tecnocortinas.com\/blog\/wp-json\/wp\/v2\/posts\/101\/revisions\/103"}],"wp:featuredmedia":[{"embeddable":true,"href":"https:\/\/www.tecnocortinas.com\/blog\/wp-json\/wp\/v2\/media\/102"}],"wp:attachment":[{"href":"https:\/\/www.tecnocortinas.com\/blog\/wp-json\/wp\/v2\/media?parent=101"}],"wp:term":[{"taxonomy":"category","embeddable":true,"href":"https:\/\/www.tecnocortinas.com\/blog\/wp-json\/wp\/v2\/categories?post=101"},{"taxonomy":"post_tag","embeddable":true,"href":"https:\/\/www.tecnocortinas.com\/blog\/wp-json\/wp\/v2\/tags?post=101"}],"curies":[{"name":"wp","href":"https:\/\/api.w.org\/{rel}","templated":true}]}}