{"id":112,"date":"2014-07-17T16:09:22","date_gmt":"2014-07-17T16:09:22","guid":{"rendered":"http:\/\/www.tecnocortinas.com\/blog\/?p=112"},"modified":"2020-07-29T09:05:35","modified_gmt":"2020-07-29T08:05:35","slug":"que-son-los-estores-paquetto","status":"publish","type":"post","link":"https:\/\/www.tecnocortinas.com\/blog\/que-son-los-estores-paquetto\/","title":{"rendered":"\u00bf QUE SON LOS ESTORES PAQUETTO ?"},"content":{"rendered":"<p style=\"text-align: justify;\">Los estores paquetto son un tipo de cortina plana, de accionamiento vertical, es decir, en los estores paquetto al accionar el mecanismo suben o bajan seg\u00fan necesitemos, haciendo as\u00ed que el tejido, al ser elevado, cree unas ondas en la parte inferior de los estores paquetto que le da un toque m\u00e1s elegante que otros productos semejantes.<\/p>\n<p style=\"text-align: justify;\">Otra caracter\u00edstica muy importante de los estores paquetto es el hecho de que se fabrican con tejidos normales, sin resinas ni tratamientos que impidan que los podamos lavar, as\u00ed conseguimos que en los estores paquetto podamos aplicar una limpieza mucho m\u00e1s profunda que en otro tipo de cortinas en las que no es posible.<\/p>\n<p style=\"text-align: justify;\">Una forma de utilizar los estores paquetto es colocarlos dobles, uno tras otro, en una misma ventana, consiguiendo as\u00ed que la ventana quede est\u00e9ticamente muy atractiva y con la ventaja de poder tamizar la luz natural que entra en la estancia en un grado mucho mayor. Al poder subir y bajar cualquiera de los dos estores paquetto se puede conseguir la entrada de luz que deseamos.<\/p>\n<p style=\"text-align: justify;\">Quiz\u00e1s os pregunt\u00e9is, con toda esta informaci\u00f3n \u00bf D\u00f3nde es mejor colocar los estores paquetto ? La respuesta es sencilla, siempre que busquemos una cortina sencilla y pr\u00e1ctica pero con un toque elegante; \u00a0salones, despachos, juveniles, cocinas, dormitorios principales, salas de reuni\u00f3n, cafeter\u00edas etc&#8230;.Tambi\u00e9n es aconsejable para dormitorios de personas que por problemas de alergias importantes necesitan que la cortina se lave muy a menudo. Tambi\u00e9n es importante decir que los estores paquetto encajan en cualquier estilo decorativo, siempre que busquemos ese toque elegante que desprenden y por tanto quedan muy bien para estancias con estilo urbano, r\u00fastico, cl\u00e1sico y tambi\u00e9n para un estilo moderno pero no demasiado extremo.<\/p>\n<p>\u00a1\u00a1\u00a1Recuerda que los estores paquetto son una de tus mejores opciones !!!!<\/p>\n","protected":false},"excerpt":{"rendered":"<p>Los estores paquetto son un tipo de cortina plana, de accionamiento vertical, es decir, en los estores paquetto al accionar el mecanismo suben o bajan seg\u00fan necesitemos, haciendo as\u00ed que el tejido, al ser elevado, cree unas ondas en la parte inferior de los estores paquetto que le da un toque m\u00e1s elegante que otros [&hellip;]<\/p>\n","protected":false},"author":2,"featured_media":113,"comment_status":"closed","ping_status":"closed","sticky":false,"template":"","format":"standard","meta":{"_et_pb_use_builder":"","_et_pb_old_content":"","_et_gb_content_width":""},"categories":[52,3],"tags":[],"yoast_head":"<!-- This site is optimized with the Yoast SEO plugin v18.9 - https:\/\/yoast.com\/wordpress\/plugins\/seo\/ -->\n<title>\u00bfSabes qu\u00e9 son los estores paqueto?<\/title>\n<meta name=\"description\" content=\"Te detallamos en este post en qu\u00e9 consisten los estores paqueto y cu\u00e1les son las ubicaciones ideales para colocarlos, todo en el blog de Tecnocortinas.\" \/>\n<meta name=\"robots\" content=\"index, follow, max-snippet:-1, max-image-preview:large, max-video-preview:-1\" \/>\n<link rel=\"canonical\" href=\"https:\/\/www.tecnocortinas.com\/blog\/que-son-los-estores-paquetto\/\" \/>\n<meta property=\"og:locale\" content=\"es_ES\" \/>\n<meta property=\"og:type\" content=\"article\" \/>\n<meta property=\"og:title\" content=\"\u00bfSabes qu\u00e9 son los estores paqueto?\" \/>\n<meta property=\"og:description\" content=\"Te detallamos en este post en qu\u00e9 consisten los estores paqueto y cu\u00e1les son las ubicaciones ideales para colocarlos, todo en el blog de Tecnocortinas.\" \/>\n<meta property=\"og:url\" content=\"https:\/\/www.tecnocortinas.com\/blog\/que-son-los-estores-paquetto\/\" \/>\n<meta property=\"og:site_name\" content=\"Consejos y novedades en cortinas y estores Tecnocortinas\" \/>\n<meta property=\"article:published_time\" content=\"2014-07-17T16:09:22+00:00\" \/>\n<meta property=\"article:modified_time\" content=\"2020-07-29T08:05:35+00:00\" \/>\n<meta property=\"og:image\" content=\"https:\/\/www.tecnocortinas.com\/blog\/wp-content\/uploads\/2014\/07\/DSC04798.jpg\" \/>\n\t<meta property=\"og:image:width\" content=\"2240\" \/>\n\t<meta property=\"og:image:height\" content=\"1680\" \/>\n\t<meta property=\"og:image:type\" content=\"image\/jpeg\" \/>\n<meta name=\"twitter:card\" content=\"summary_large_image\" \/>\n<meta name=\"twitter:label1\" content=\"Escrito por\" \/>\n\t<meta name=\"twitter:data1\" content=\"Tecnocortinas\" \/>\n\t<meta name=\"twitter:label2\" content=\"Tiempo de lectura\" \/>\n\t<meta name=\"twitter:data2\" content=\"2 minutos\" \/>\n<script type=\"application\/ld+json\" class=\"yoast-schema-graph\">{\"@context\":\"https:\/\/schema.org\",\"@graph\":[{\"@type\":\"Organization\",\"@id\":\"https:\/\/www.tecnocortinas.com\/blog\/#organization\",\"name\":\"Tecnocortinas Blog\",\"url\":\"https:\/\/www.tecnocortinas.com\/blog\/\",\"sameAs\":[],\"logo\":{\"@type\":\"ImageObject\",\"inLanguage\":\"es\",\"@id\":\"https:\/\/www.tecnocortinas.com\/blog\/#\/schema\/logo\/image\/\",\"url\":\"https:\/\/www.tecnocortinas.com\/blog\/wp-content\/uploads\/2017\/09\/tecnocortinas-logo-1460657368.png\",\"contentUrl\":\"https:\/\/www.tecnocortinas.com\/blog\/wp-content\/uploads\/2017\/09\/tecnocortinas-logo-1460657368.png\",\"width\":183,\"height\":67,\"caption\":\"Tecnocortinas Blog\"},\"image\":{\"@id\":\"https:\/\/www.tecnocortinas.com\/blog\/#\/schema\/logo\/image\/\"}},{\"@type\":\"WebSite\",\"@id\":\"https:\/\/www.tecnocortinas.com\/blog\/#website\",\"url\":\"https:\/\/www.tecnocortinas.com\/blog\/\",\"name\":\"Consejos y novedades en cortinas y estores Tecnocortinas\",\"description\":\"Noticias y sugerencias para la decoraci\u00f3n con la \u00faltima moda en cortinas y estores desde tu tienda online Tecnocort\u00ednas\",\"publisher\":{\"@id\":\"https:\/\/www.tecnocortinas.com\/blog\/#organization\"},\"potentialAction\":[{\"@type\":\"SearchAction\",\"target\":{\"@type\":\"EntryPoint\",\"urlTemplate\":\"https:\/\/www.tecnocortinas.com\/blog\/?s={search_term_string}\"},\"query-input\":\"required name=search_term_string\"}],\"inLanguage\":\"es\"},{\"@type\":\"ImageObject\",\"inLanguage\":\"es\",\"@id\":\"https:\/\/www.tecnocortinas.com\/blog\/que-son-los-estores-paquetto\/#primaryimage\",\"url\":\"https:\/\/www.tecnocortinas.com\/blog\/wp-content\/uploads\/2014\/07\/DSC04798.jpg\",\"contentUrl\":\"https:\/\/www.tecnocortinas.com\/blog\/wp-content\/uploads\/2014\/07\/DSC04798.jpg\",\"width\":2240,\"height\":1680,\"caption\":\"Novedades tendencias en cortinas\"},{\"@type\":[\"WebPage\",\"ItemPage\"],\"@id\":\"https:\/\/www.tecnocortinas.com\/blog\/que-son-los-estores-paquetto\/#webpage\",\"url\":\"https:\/\/www.tecnocortinas.com\/blog\/que-son-los-estores-paquetto\/\",\"name\":\"\u00bfSabes qu\u00e9 son los estores paqueto?\",\"isPartOf\":{\"@id\":\"https:\/\/www.tecnocortinas.com\/blog\/#website\"},\"primaryImageOfPage\":{\"@id\":\"https:\/\/www.tecnocortinas.com\/blog\/que-son-los-estores-paquetto\/#primaryimage\"},\"datePublished\":\"2014-07-17T16:09:22+00:00\",\"dateModified\":\"2020-07-29T08:05:35+00:00\",\"description\":\"Te detallamos en este post en qu\u00e9 consisten los estores paqueto y cu\u00e1les son las ubicaciones ideales para colocarlos, todo en el blog de Tecnocortinas.\",\"breadcrumb\":{\"@id\":\"https:\/\/www.tecnocortinas.com\/blog\/que-son-los-estores-paquetto\/#breadcrumb\"},\"inLanguage\":\"es\",\"potentialAction\":[{\"@type\":\"ReadAction\",\"target\":[\"https:\/\/www.tecnocortinas.com\/blog\/que-son-los-estores-paquetto\/\"]}]},{\"@type\":\"BreadcrumbList\",\"@id\":\"https:\/\/www.tecnocortinas.com\/blog\/que-son-los-estores-paquetto\/#breadcrumb\",\"itemListElement\":[{\"@type\":\"ListItem\",\"position\":1,\"name\":\"Portada\",\"item\":\"https:\/\/www.tecnocortinas.com\/blog\/\"},{\"@type\":\"ListItem\",\"position\":2,\"name\":\"\u00bf QUE SON LOS ESTORES PAQUETTO ?\"}]},{\"@type\":\"Article\",\"@id\":\"https:\/\/www.tecnocortinas.com\/blog\/que-son-los-estores-paquetto\/#article\",\"isPartOf\":{\"@id\":\"https:\/\/www.tecnocortinas.com\/blog\/que-son-los-estores-paquetto\/#webpage\"},\"author\":{\"@id\":\"https:\/\/www.tecnocortinas.com\/blog\/#\/schema\/person\/2bbd38c5d0dae0d3f725d8a768ccabc2\"},\"headline\":\"\u00bf QUE SON LOS ESTORES PAQUETTO ?\",\"datePublished\":\"2014-07-17T16:09:22+00:00\",\"dateModified\":\"2020-07-29T08:05:35+00:00\",\"mainEntityOfPage\":{\"@id\":\"https:\/\/www.tecnocortinas.com\/blog\/que-son-los-estores-paquetto\/#webpage\"},\"wordCount\":318,\"publisher\":{\"@id\":\"https:\/\/www.tecnocortinas.com\/blog\/#organization\"},\"image\":{\"@id\":\"https:\/\/www.tecnocortinas.com\/blog\/que-son-los-estores-paquetto\/#primaryimage\"},\"thumbnailUrl\":\"https:\/\/www.tecnocortinas.com\/blog\/wp-content\/uploads\/2014\/07\/DSC04798.jpg\",\"articleSection\":[\"Estores Paqueto\",\"La Cortina\"],\"inLanguage\":\"es\"},{\"@type\":\"Person\",\"@id\":\"https:\/\/www.tecnocortinas.com\/blog\/#\/schema\/person\/2bbd38c5d0dae0d3f725d8a768ccabc2\",\"name\":\"Tecnocortinas\",\"image\":{\"@type\":\"ImageObject\",\"inLanguage\":\"es\",\"@id\":\"https:\/\/www.tecnocortinas.com\/blog\/#\/schema\/person\/image\/\",\"url\":\"https:\/\/secure.gravatar.com\/avatar\/bb2de11030b70e897d5027b7b7a75604?s=96&d=mm&r=g\",\"contentUrl\":\"https:\/\/secure.gravatar.com\/avatar\/bb2de11030b70e897d5027b7b7a75604?s=96&d=mm&r=g\",\"caption\":\"Tecnocortinas\"}}]}<\/script>\n<!-- \/ Yoast SEO plugin. -->","yoast_head_json":{"title":"\u00bfSabes qu\u00e9 son los estores paqueto?","description":"Te detallamos en este post en qu\u00e9 consisten los estores paqueto y cu\u00e1les son las ubicaciones ideales para colocarlos, todo en el blog de Tecnocortinas.","robots":{"index":"index","follow":"follow","max-snippet":"max-snippet:-1","max-image-preview":"max-image-preview:large","max-video-preview":"max-video-preview:-1"},"canonical":"https:\/\/www.tecnocortinas.com\/blog\/que-son-los-estores-paquetto\/","og_locale":"es_ES","og_type":"article","og_title":"\u00bfSabes qu\u00e9 son los estores paqueto?","og_description":"Te detallamos en este post en qu\u00e9 consisten los estores paqueto y cu\u00e1les son las ubicaciones ideales para colocarlos, todo en el blog de Tecnocortinas.","og_url":"https:\/\/www.tecnocortinas.com\/blog\/que-son-los-estores-paquetto\/","og_site_name":"Consejos y novedades en cortinas y estores Tecnocortinas","article_published_time":"2014-07-17T16:09:22+00:00","article_modified_time":"2020-07-29T08:05:35+00:00","og_image":[{"width":2240,"height":1680,"url":"https:\/\/www.tecnocortinas.com\/blog\/wp-content\/uploads\/2014\/07\/DSC04798.jpg","type":"image\/jpeg"}],"twitter_card":"summary_large_image","twitter_misc":{"Escrito por":"Tecnocortinas","Tiempo de lectura":"2 minutos"},"schema":{"@context":"https:\/\/schema.org","@graph":[{"@type":"Organization","@id":"https:\/\/www.tecnocortinas.com\/blog\/#organization","name":"Tecnocortinas Blog","url":"https:\/\/www.tecnocortinas.com\/blog\/","sameAs":[],"logo":{"@type":"ImageObject","inLanguage":"es","@id":"https:\/\/www.tecnocortinas.com\/blog\/#\/schema\/logo\/image\/","url":"https:\/\/www.tecnocortinas.com\/blog\/wp-content\/uploads\/2017\/09\/tecnocortinas-logo-1460657368.png","contentUrl":"https:\/\/www.tecnocortinas.com\/blog\/wp-content\/uploads\/2017\/09\/tecnocortinas-logo-1460657368.png","width":183,"height":67,"caption":"Tecnocortinas Blog"},"image":{"@id":"https:\/\/www.tecnocortinas.com\/blog\/#\/schema\/logo\/image\/"}},{"@type":"WebSite","@id":"https:\/\/www.tecnocortinas.com\/blog\/#website","url":"https:\/\/www.tecnocortinas.com\/blog\/","name":"Consejos y novedades en cortinas y estores Tecnocortinas","description":"Noticias y sugerencias para la decoraci\u00f3n con la \u00faltima moda en cortinas y estores desde tu tienda online Tecnocort\u00ednas","publisher":{"@id":"https:\/\/www.tecnocortinas.com\/blog\/#organization"},"potentialAction":[{"@type":"SearchAction","target":{"@type":"EntryPoint","urlTemplate":"https:\/\/www.tecnocortinas.com\/blog\/?s={search_term_string}"},"query-input":"required name=search_term_string"}],"inLanguage":"es"},{"@type":"ImageObject","inLanguage":"es","@id":"https:\/\/www.tecnocortinas.com\/blog\/que-son-los-estores-paquetto\/#primaryimage","url":"https:\/\/www.tecnocortinas.com\/blog\/wp-content\/uploads\/2014\/07\/DSC04798.jpg","contentUrl":"https:\/\/www.tecnocortinas.com\/blog\/wp-content\/uploads\/2014\/07\/DSC04798.jpg","width":2240,"height":1680,"caption":"Novedades tendencias en cortinas"},{"@type":["WebPage","ItemPage"],"@id":"https:\/\/www.tecnocortinas.com\/blog\/que-son-los-estores-paquetto\/#webpage","url":"https:\/\/www.tecnocortinas.com\/blog\/que-son-los-estores-paquetto\/","name":"\u00bfSabes qu\u00e9 son los estores paqueto?","isPartOf":{"@id":"https:\/\/www.tecnocortinas.com\/blog\/#website"},"primaryImageOfPage":{"@id":"https:\/\/www.tecnocortinas.com\/blog\/que-son-los-estores-paquetto\/#primaryimage"},"datePublished":"2014-07-17T16:09:22+00:00","dateModified":"2020-07-29T08:05:35+00:00","description":"Te detallamos en este post en qu\u00e9 consisten los estores paqueto y cu\u00e1les son las ubicaciones ideales para colocarlos, todo en el blog de Tecnocortinas.","breadcrumb":{"@id":"https:\/\/www.tecnocortinas.com\/blog\/que-son-los-estores-paquetto\/#breadcrumb"},"inLanguage":"es","potentialAction":[{"@type":"ReadAction","target":["https:\/\/www.tecnocortinas.com\/blog\/que-son-los-estores-paquetto\/"]}]},{"@type":"BreadcrumbList","@id":"https:\/\/www.tecnocortinas.com\/blog\/que-son-los-estores-paquetto\/#breadcrumb","itemListElement":[{"@type":"ListItem","position":1,"name":"Portada","item":"https:\/\/www.tecnocortinas.com\/blog\/"},{"@type":"ListItem","position":2,"name":"\u00bf QUE SON LOS ESTORES PAQUETTO ?"}]},{"@type":"Article","@id":"https:\/\/www.tecnocortinas.com\/blog\/que-son-los-estores-paquetto\/#article","isPartOf":{"@id":"https:\/\/www.tecnocortinas.com\/blog\/que-son-los-estores-paquetto\/#webpage"},"author":{"@id":"https:\/\/www.tecnocortinas.com\/blog\/#\/schema\/person\/2bbd38c5d0dae0d3f725d8a768ccabc2"},"headline":"\u00bf QUE SON LOS ESTORES PAQUETTO ?","datePublished":"2014-07-17T16:09:22+00:00","dateModified":"2020-07-29T08:05:35+00:00","mainEntityOfPage":{"@id":"https:\/\/www.tecnocortinas.com\/blog\/que-son-los-estores-paquetto\/#webpage"},"wordCount":318,"publisher":{"@id":"https:\/\/www.tecnocortinas.com\/blog\/#organization"},"image":{"@id":"https:\/\/www.tecnocortinas.com\/blog\/que-son-los-estores-paquetto\/#primaryimage"},"thumbnailUrl":"https:\/\/www.tecnocortinas.com\/blog\/wp-content\/uploads\/2014\/07\/DSC04798.jpg","articleSection":["Estores Paqueto","La Cortina"],"inLanguage":"es"},{"@type":"Person","@id":"https:\/\/www.tecnocortinas.com\/blog\/#\/schema\/person\/2bbd38c5d0dae0d3f725d8a768ccabc2","name":"Tecnocortinas","image":{"@type":"ImageObject","inLanguage":"es","@id":"https:\/\/www.tecnocortinas.com\/blog\/#\/schema\/person\/image\/","url":"https:\/\/secure.gravatar.com\/avatar\/bb2de11030b70e897d5027b7b7a75604?s=96&d=mm&r=g","contentUrl":"https:\/\/secure.gravatar.com\/avatar\/bb2de11030b70e897d5027b7b7a75604?s=96&d=mm&r=g","caption":"Tecnocortinas"}}]}},"_links":{"self":[{"href":"https:\/\/www.tecnocortinas.com\/blog\/wp-json\/wp\/v2\/posts\/112"}],"collection":[{"href":"https:\/\/www.tecnocortinas.com\/blog\/wp-json\/wp\/v2\/posts"}],"about":[{"href":"https:\/\/www.tecnocortinas.com\/blog\/wp-json\/wp\/v2\/types\/post"}],"author":[{"embeddable":true,"href":"https:\/\/www.tecnocortinas.com\/blog\/wp-json\/wp\/v2\/users\/2"}],"replies":[{"embeddable":true,"href":"https:\/\/www.tecnocortinas.com\/blog\/wp-json\/wp\/v2\/comments?post=112"}],"version-history":[{"count":3,"href":"https:\/\/www.tecnocortinas.com\/blog\/wp-json\/wp\/v2\/posts\/112\/revisions"}],"predecessor-version":[{"id":117,"href":"https:\/\/www.tecnocortinas.com\/blog\/wp-json\/wp\/v2\/posts\/112\/revisions\/117"}],"wp:featuredmedia":[{"embeddable":true,"href":"https:\/\/www.tecnocortinas.com\/blog\/wp-json\/wp\/v2\/media\/113"}],"wp:attachment":[{"href":"https:\/\/www.tecnocortinas.com\/blog\/wp-json\/wp\/v2\/media?parent=112"}],"wp:term":[{"taxonomy":"category","embeddable":true,"href":"https:\/\/www.tecnocortinas.com\/blog\/wp-json\/wp\/v2\/categories?post=112"},{"taxonomy":"post_tag","embeddable":true,"href":"https:\/\/www.tecnocortinas.com\/blog\/wp-json\/wp\/v2\/tags?post=112"}],"curies":[{"name":"wp","href":"https:\/\/api.w.org\/{rel}","templated":true}]}}