{"id":251,"date":"2017-11-27T08:33:29","date_gmt":"2017-11-27T08:33:29","guid":{"rendered":"http:\/\/www.tecnocortinas.com\/blog\/?p=251"},"modified":"2020-05-11T08:50:17","modified_gmt":"2020-05-11T07:50:17","slug":"5-tendencias-de-decoracion-2018","status":"publish","type":"post","link":"https:\/\/www.tecnocortinas.com\/blog\/5-tendencias-de-decoracion-2018\/","title":{"rendered":"5 Tendencias de decoraci\u00f3n 2018"},"content":{"rendered":"<p><span style=\"font-weight: 400;\">Son muchas y muy variadas las tendencias en decoraci\u00f3n para este a\u00f1o que est\u00e1 a punto de comenzar. Vamos a estudiar las que nos han parecido las m\u00e1s llamativas de todas y ver c\u00f3mo podemos introducirlas en nuestro hogar.<\/span><\/p>\n<p><b>1-El blanco como protagonista<\/b><\/p>\n<p><span style=\"font-weight: 400;\">El color blanco vuelve a imponerse tras varias temporadas en las que este color hab\u00eda sido desterrado por todo tipo de tonos vivos. Una habitaci\u00f3n totalmente blanca puede ser muy moderna: paredes, cortinas, suelos en madera en tonos blancos y muebles en el mismo color.<\/span><\/p>\n<p><span style=\"font-weight: 400;\">Eso s\u00ed, no es una buena tendencia en casas con ni\u00f1os o en habitaciones para mucho uso porque es un tono excesivamente manchadizo. Una terracita ibicenca o una salita para leer son perfectos para esta moda.<\/span><\/p>\n<p><b>2-Las grifer\u00edas de cobre<\/b><\/p>\n<p><span style=\"font-weight: 400;\">El cobre est\u00e1 tan de moda que incluso se llevan las ba\u00f1eras en este color y se llevan las tuber\u00edas de este material a la vista. Sin tener que caer en tanto exceso, \u00bfpor qu\u00e9 no grifer\u00edas de cobre? Incluso un fregadero de este material puede ser una buena opci\u00f3n para contrastar con una bonita encimera de piedra.<\/span><\/p>\n<p><span style=\"font-weight: 400;\">No siempre hablamos de aut\u00e9ntico cobre, sino de este tono en otros materiales que pueden ser m\u00e1s f\u00e1ciles de mantener o que pueden tener un mayor brillo.<\/span><\/p>\n<p><b>3-La madera, omnipresente<\/b><\/p>\n<p><span style=\"font-weight: 400;\">La madera o los materiales que la imitan est\u00e1n de moda. Los suelos cer\u00e1micos que imitan a la madera son perfectos para cuartos de ba\u00f1o y para cocinas y lo mismo ocurre con las tarimas flotantes tanto de madera de verdad como de materiales de imitaci\u00f3n.<\/span><\/p>\n<p><span style=\"font-weight: 400;\">La madera tambi\u00e9n est\u00e1 presente en muchos muebles y en los recubrimientos de las paredes, d\u00e1ndoles calidez. Estos recubrimientos destacan principalmente en el sal\u00f3n y en el dormitorio principal.<\/span><\/p>\n<p><b>4-Los colores naturales triunfan<\/b><\/p>\n<p><span style=\"font-weight: 400;\">Los tonos naturales est\u00e1n de moda en la decoraci\u00f3n. El color ocre o la gama de verdes muy naturales destacan especialmente para esta temporada. Hay que tener cuidado con los contrastes, tratando siempre de conseguir un toque natural, suave y muy relajante.<\/span><\/p>\n<p><span style=\"font-weight: 400;\">Y es que la naturaleza debe, ante todo, de transmitir la sensaci\u00f3n de relajaci\u00f3n y de paz que se busca en cualquier hogar.<\/span><\/p>\n<p><b>5-Un apunte especial para la gama de azules<\/b><\/p>\n<p><span style=\"font-weight: 400;\">Hemos hablado del blanco y de los colores naturales, pero otro de los tonos que triunfar\u00e1n esta temporada que comienza en breve es el azul, especialmente el azul \u00edndigo. Disfruta de una gama de azules muy diferente de la que est\u00e1s acostumbrado y atr\u00e9vete a usar este color en muchos complementos.<\/span><\/p>\n","protected":false},"excerpt":{"rendered":"<p>Son muchas y muy variadas las tendencias en decoraci\u00f3n para este a\u00f1o que est\u00e1 a punto de comenzar. Vamos a estudiar las que nos han parecido las m\u00e1s llamativas de todas y ver c\u00f3mo podemos introducirlas en nuestro hogar. 1-El blanco como protagonista El color blanco vuelve a imponerse tras varias temporadas en las que [&hellip;]<\/p>\n","protected":false},"author":2,"featured_media":50,"comment_status":"closed","ping_status":"closed","sticky":false,"template":"","format":"standard","meta":{"_et_pb_use_builder":"","_et_pb_old_content":"","_et_gb_content_width":""},"categories":[3,4],"tags":[],"yoast_head":"<!-- This site is optimized with the Yoast SEO plugin v18.9 - https:\/\/yoast.com\/wordpress\/plugins\/seo\/ -->\n<title>5 Tendencias en decoraci\u00f3n para el hogar<\/title>\n<meta name=\"description\" content=\"Colores, materiales y estilos de decoraci\u00f3n para el hogar que marcan tendencia y donde las cortinas son fundamentales para la armon\u00eda de cualquier espacio\" \/>\n<meta name=\"robots\" content=\"index, follow, max-snippet:-1, max-image-preview:large, max-video-preview:-1\" \/>\n<link rel=\"canonical\" href=\"https:\/\/www.tecnocortinas.com\/blog\/5-tendencias-de-decoracion-2018\/\" \/>\n<meta property=\"og:locale\" content=\"es_ES\" \/>\n<meta property=\"og:type\" content=\"article\" \/>\n<meta property=\"og:title\" content=\"5 Tendencias en decoraci\u00f3n para el hogar\" \/>\n<meta property=\"og:description\" content=\"Colores, materiales y estilos de decoraci\u00f3n para el hogar que marcan tendencia y donde las cortinas son fundamentales para la armon\u00eda de cualquier espacio\" \/>\n<meta property=\"og:url\" content=\"https:\/\/www.tecnocortinas.com\/blog\/5-tendencias-de-decoracion-2018\/\" \/>\n<meta property=\"og:site_name\" content=\"Consejos y novedades en cortinas y estores Tecnocortinas\" \/>\n<meta property=\"article:published_time\" content=\"2017-11-27T08:33:29+00:00\" \/>\n<meta property=\"article:modified_time\" content=\"2020-05-11T07:50:17+00:00\" \/>\n<meta property=\"og:image\" content=\"https:\/\/www.tecnocortinas.com\/blog\/wp-content\/uploads\/2013\/12\/62.jpg\" \/>\n\t<meta property=\"og:image:width\" content=\"450\" \/>\n\t<meta property=\"og:image:height\" content=\"338\" \/>\n\t<meta property=\"og:image:type\" content=\"image\/jpeg\" \/>\n<meta name=\"twitter:card\" content=\"summary_large_image\" \/>\n<meta name=\"twitter:label1\" content=\"Escrito por\" \/>\n\t<meta name=\"twitter:data1\" content=\"Tecnocortinas\" \/>\n\t<meta name=\"twitter:label2\" content=\"Tiempo de lectura\" \/>\n\t<meta name=\"twitter:data2\" content=\"2 minutos\" \/>\n<script type=\"application\/ld+json\" class=\"yoast-schema-graph\">{\"@context\":\"https:\/\/schema.org\",\"@graph\":[{\"@type\":\"Organization\",\"@id\":\"https:\/\/www.tecnocortinas.com\/blog\/#organization\",\"name\":\"Tecnocortinas Blog\",\"url\":\"https:\/\/www.tecnocortinas.com\/blog\/\",\"sameAs\":[],\"logo\":{\"@type\":\"ImageObject\",\"inLanguage\":\"es\",\"@id\":\"https:\/\/www.tecnocortinas.com\/blog\/#\/schema\/logo\/image\/\",\"url\":\"https:\/\/www.tecnocortinas.com\/blog\/wp-content\/uploads\/2017\/09\/tecnocortinas-logo-1460657368.png\",\"contentUrl\":\"https:\/\/www.tecnocortinas.com\/blog\/wp-content\/uploads\/2017\/09\/tecnocortinas-logo-1460657368.png\",\"width\":183,\"height\":67,\"caption\":\"Tecnocortinas Blog\"},\"image\":{\"@id\":\"https:\/\/www.tecnocortinas.com\/blog\/#\/schema\/logo\/image\/\"}},{\"@type\":\"WebSite\",\"@id\":\"https:\/\/www.tecnocortinas.com\/blog\/#website\",\"url\":\"https:\/\/www.tecnocortinas.com\/blog\/\",\"name\":\"Consejos y novedades en cortinas y estores Tecnocortinas\",\"description\":\"Noticias y sugerencias para la decoraci\u00f3n con la \u00faltima moda en cortinas y estores desde tu tienda online Tecnocort\u00ednas\",\"publisher\":{\"@id\":\"https:\/\/www.tecnocortinas.com\/blog\/#organization\"},\"potentialAction\":[{\"@type\":\"SearchAction\",\"target\":{\"@type\":\"EntryPoint\",\"urlTemplate\":\"https:\/\/www.tecnocortinas.com\/blog\/?s={search_term_string}\"},\"query-input\":\"required name=search_term_string\"}],\"inLanguage\":\"es\"},{\"@type\":\"ImageObject\",\"inLanguage\":\"es\",\"@id\":\"https:\/\/www.tecnocortinas.com\/blog\/5-tendencias-de-decoracion-2018\/#primaryimage\",\"url\":\"https:\/\/www.tecnocortinas.com\/blog\/wp-content\/uploads\/2013\/12\/62.jpg\",\"contentUrl\":\"https:\/\/www.tecnocortinas.com\/blog\/wp-content\/uploads\/2013\/12\/62.jpg\",\"width\":450,\"height\":338,\"caption\":\"5 tendencias en decoracion\"},{\"@type\":[\"WebPage\",\"ItemPage\"],\"@id\":\"https:\/\/www.tecnocortinas.com\/blog\/5-tendencias-de-decoracion-2018\/#webpage\",\"url\":\"https:\/\/www.tecnocortinas.com\/blog\/5-tendencias-de-decoracion-2018\/\",\"name\":\"5 Tendencias en decoraci\u00f3n para el hogar\",\"isPartOf\":{\"@id\":\"https:\/\/www.tecnocortinas.com\/blog\/#website\"},\"primaryImageOfPage\":{\"@id\":\"https:\/\/www.tecnocortinas.com\/blog\/5-tendencias-de-decoracion-2018\/#primaryimage\"},\"datePublished\":\"2017-11-27T08:33:29+00:00\",\"dateModified\":\"2020-05-11T07:50:17+00:00\",\"description\":\"Colores, materiales y estilos de decoraci\u00f3n para el hogar que marcan tendencia y donde las cortinas son fundamentales para la armon\u00eda de cualquier espacio\",\"breadcrumb\":{\"@id\":\"https:\/\/www.tecnocortinas.com\/blog\/5-tendencias-de-decoracion-2018\/#breadcrumb\"},\"inLanguage\":\"es\",\"potentialAction\":[{\"@type\":\"ReadAction\",\"target\":[\"https:\/\/www.tecnocortinas.com\/blog\/5-tendencias-de-decoracion-2018\/\"]}]},{\"@type\":\"BreadcrumbList\",\"@id\":\"https:\/\/www.tecnocortinas.com\/blog\/5-tendencias-de-decoracion-2018\/#breadcrumb\",\"itemListElement\":[{\"@type\":\"ListItem\",\"position\":1,\"name\":\"Portada\",\"item\":\"https:\/\/www.tecnocortinas.com\/blog\/\"},{\"@type\":\"ListItem\",\"position\":2,\"name\":\"5 Tendencias de decoraci\u00f3n 2018\"}]},{\"@type\":\"Article\",\"@id\":\"https:\/\/www.tecnocortinas.com\/blog\/5-tendencias-de-decoracion-2018\/#article\",\"isPartOf\":{\"@id\":\"https:\/\/www.tecnocortinas.com\/blog\/5-tendencias-de-decoracion-2018\/#webpage\"},\"author\":{\"@id\":\"https:\/\/www.tecnocortinas.com\/blog\/#\/schema\/person\/2bbd38c5d0dae0d3f725d8a768ccabc2\"},\"headline\":\"5 Tendencias de decoraci\u00f3n 2018\",\"datePublished\":\"2017-11-27T08:33:29+00:00\",\"dateModified\":\"2020-05-11T07:50:17+00:00\",\"mainEntityOfPage\":{\"@id\":\"https:\/\/www.tecnocortinas.com\/blog\/5-tendencias-de-decoracion-2018\/#webpage\"},\"wordCount\":452,\"publisher\":{\"@id\":\"https:\/\/www.tecnocortinas.com\/blog\/#organization\"},\"image\":{\"@id\":\"https:\/\/www.tecnocortinas.com\/blog\/5-tendencias-de-decoracion-2018\/#primaryimage\"},\"thumbnailUrl\":\"https:\/\/www.tecnocortinas.com\/blog\/wp-content\/uploads\/2013\/12\/62.jpg\",\"articleSection\":[\"La Cortina\",\"La Decoraci\u00f3n\"],\"inLanguage\":\"es\"},{\"@type\":\"Person\",\"@id\":\"https:\/\/www.tecnocortinas.com\/blog\/#\/schema\/person\/2bbd38c5d0dae0d3f725d8a768ccabc2\",\"name\":\"Tecnocortinas\",\"image\":{\"@type\":\"ImageObject\",\"inLanguage\":\"es\",\"@id\":\"https:\/\/www.tecnocortinas.com\/blog\/#\/schema\/person\/image\/\",\"url\":\"https:\/\/secure.gravatar.com\/avatar\/bb2de11030b70e897d5027b7b7a75604?s=96&d=mm&r=g\",\"contentUrl\":\"https:\/\/secure.gravatar.com\/avatar\/bb2de11030b70e897d5027b7b7a75604?s=96&d=mm&r=g\",\"caption\":\"Tecnocortinas\"}}]}<\/script>\n<!-- \/ Yoast SEO plugin. -->","yoast_head_json":{"title":"5 Tendencias en decoraci\u00f3n para el hogar","description":"Colores, materiales y estilos de decoraci\u00f3n para el hogar que marcan tendencia y donde las cortinas son fundamentales para la armon\u00eda de cualquier espacio","robots":{"index":"index","follow":"follow","max-snippet":"max-snippet:-1","max-image-preview":"max-image-preview:large","max-video-preview":"max-video-preview:-1"},"canonical":"https:\/\/www.tecnocortinas.com\/blog\/5-tendencias-de-decoracion-2018\/","og_locale":"es_ES","og_type":"article","og_title":"5 Tendencias en decoraci\u00f3n para el hogar","og_description":"Colores, materiales y estilos de decoraci\u00f3n para el hogar que marcan tendencia y donde las cortinas son fundamentales para la armon\u00eda de cualquier espacio","og_url":"https:\/\/www.tecnocortinas.com\/blog\/5-tendencias-de-decoracion-2018\/","og_site_name":"Consejos y novedades en cortinas y estores Tecnocortinas","article_published_time":"2017-11-27T08:33:29+00:00","article_modified_time":"2020-05-11T07:50:17+00:00","og_image":[{"width":450,"height":338,"url":"https:\/\/www.tecnocortinas.com\/blog\/wp-content\/uploads\/2013\/12\/62.jpg","type":"image\/jpeg"}],"twitter_card":"summary_large_image","twitter_misc":{"Escrito por":"Tecnocortinas","Tiempo de lectura":"2 minutos"},"schema":{"@context":"https:\/\/schema.org","@graph":[{"@type":"Organization","@id":"https:\/\/www.tecnocortinas.com\/blog\/#organization","name":"Tecnocortinas Blog","url":"https:\/\/www.tecnocortinas.com\/blog\/","sameAs":[],"logo":{"@type":"ImageObject","inLanguage":"es","@id":"https:\/\/www.tecnocortinas.com\/blog\/#\/schema\/logo\/image\/","url":"https:\/\/www.tecnocortinas.com\/blog\/wp-content\/uploads\/2017\/09\/tecnocortinas-logo-1460657368.png","contentUrl":"https:\/\/www.tecnocortinas.com\/blog\/wp-content\/uploads\/2017\/09\/tecnocortinas-logo-1460657368.png","width":183,"height":67,"caption":"Tecnocortinas Blog"},"image":{"@id":"https:\/\/www.tecnocortinas.com\/blog\/#\/schema\/logo\/image\/"}},{"@type":"WebSite","@id":"https:\/\/www.tecnocortinas.com\/blog\/#website","url":"https:\/\/www.tecnocortinas.com\/blog\/","name":"Consejos y novedades en cortinas y estores Tecnocortinas","description":"Noticias y sugerencias para la decoraci\u00f3n con la \u00faltima moda en cortinas y estores desde tu tienda online Tecnocort\u00ednas","publisher":{"@id":"https:\/\/www.tecnocortinas.com\/blog\/#organization"},"potentialAction":[{"@type":"SearchAction","target":{"@type":"EntryPoint","urlTemplate":"https:\/\/www.tecnocortinas.com\/blog\/?s={search_term_string}"},"query-input":"required name=search_term_string"}],"inLanguage":"es"},{"@type":"ImageObject","inLanguage":"es","@id":"https:\/\/www.tecnocortinas.com\/blog\/5-tendencias-de-decoracion-2018\/#primaryimage","url":"https:\/\/www.tecnocortinas.com\/blog\/wp-content\/uploads\/2013\/12\/62.jpg","contentUrl":"https:\/\/www.tecnocortinas.com\/blog\/wp-content\/uploads\/2013\/12\/62.jpg","width":450,"height":338,"caption":"5 tendencias en decoracion"},{"@type":["WebPage","ItemPage"],"@id":"https:\/\/www.tecnocortinas.com\/blog\/5-tendencias-de-decoracion-2018\/#webpage","url":"https:\/\/www.tecnocortinas.com\/blog\/5-tendencias-de-decoracion-2018\/","name":"5 Tendencias en decoraci\u00f3n para el hogar","isPartOf":{"@id":"https:\/\/www.tecnocortinas.com\/blog\/#website"},"primaryImageOfPage":{"@id":"https:\/\/www.tecnocortinas.com\/blog\/5-tendencias-de-decoracion-2018\/#primaryimage"},"datePublished":"2017-11-27T08:33:29+00:00","dateModified":"2020-05-11T07:50:17+00:00","description":"Colores, materiales y estilos de decoraci\u00f3n para el hogar que marcan tendencia y donde las cortinas son fundamentales para la armon\u00eda de cualquier espacio","breadcrumb":{"@id":"https:\/\/www.tecnocortinas.com\/blog\/5-tendencias-de-decoracion-2018\/#breadcrumb"},"inLanguage":"es","potentialAction":[{"@type":"ReadAction","target":["https:\/\/www.tecnocortinas.com\/blog\/5-tendencias-de-decoracion-2018\/"]}]},{"@type":"BreadcrumbList","@id":"https:\/\/www.tecnocortinas.com\/blog\/5-tendencias-de-decoracion-2018\/#breadcrumb","itemListElement":[{"@type":"ListItem","position":1,"name":"Portada","item":"https:\/\/www.tecnocortinas.com\/blog\/"},{"@type":"ListItem","position":2,"name":"5 Tendencias de decoraci\u00f3n 2018"}]},{"@type":"Article","@id":"https:\/\/www.tecnocortinas.com\/blog\/5-tendencias-de-decoracion-2018\/#article","isPartOf":{"@id":"https:\/\/www.tecnocortinas.com\/blog\/5-tendencias-de-decoracion-2018\/#webpage"},"author":{"@id":"https:\/\/www.tecnocortinas.com\/blog\/#\/schema\/person\/2bbd38c5d0dae0d3f725d8a768ccabc2"},"headline":"5 Tendencias de decoraci\u00f3n 2018","datePublished":"2017-11-27T08:33:29+00:00","dateModified":"2020-05-11T07:50:17+00:00","mainEntityOfPage":{"@id":"https:\/\/www.tecnocortinas.com\/blog\/5-tendencias-de-decoracion-2018\/#webpage"},"wordCount":452,"publisher":{"@id":"https:\/\/www.tecnocortinas.com\/blog\/#organization"},"image":{"@id":"https:\/\/www.tecnocortinas.com\/blog\/5-tendencias-de-decoracion-2018\/#primaryimage"},"thumbnailUrl":"https:\/\/www.tecnocortinas.com\/blog\/wp-content\/uploads\/2013\/12\/62.jpg","articleSection":["La Cortina","La Decoraci\u00f3n"],"inLanguage":"es"},{"@type":"Person","@id":"https:\/\/www.tecnocortinas.com\/blog\/#\/schema\/person\/2bbd38c5d0dae0d3f725d8a768ccabc2","name":"Tecnocortinas","image":{"@type":"ImageObject","inLanguage":"es","@id":"https:\/\/www.tecnocortinas.com\/blog\/#\/schema\/person\/image\/","url":"https:\/\/secure.gravatar.com\/avatar\/bb2de11030b70e897d5027b7b7a75604?s=96&d=mm&r=g","contentUrl":"https:\/\/secure.gravatar.com\/avatar\/bb2de11030b70e897d5027b7b7a75604?s=96&d=mm&r=g","caption":"Tecnocortinas"}}]}},"_links":{"self":[{"href":"https:\/\/www.tecnocortinas.com\/blog\/wp-json\/wp\/v2\/posts\/251"}],"collection":[{"href":"https:\/\/www.tecnocortinas.com\/blog\/wp-json\/wp\/v2\/posts"}],"about":[{"href":"https:\/\/www.tecnocortinas.com\/blog\/wp-json\/wp\/v2\/types\/post"}],"author":[{"embeddable":true,"href":"https:\/\/www.tecnocortinas.com\/blog\/wp-json\/wp\/v2\/users\/2"}],"replies":[{"embeddable":true,"href":"https:\/\/www.tecnocortinas.com\/blog\/wp-json\/wp\/v2\/comments?post=251"}],"version-history":[{"count":1,"href":"https:\/\/www.tecnocortinas.com\/blog\/wp-json\/wp\/v2\/posts\/251\/revisions"}],"predecessor-version":[{"id":252,"href":"https:\/\/www.tecnocortinas.com\/blog\/wp-json\/wp\/v2\/posts\/251\/revisions\/252"}],"wp:featuredmedia":[{"embeddable":true,"href":"https:\/\/www.tecnocortinas.com\/blog\/wp-json\/wp\/v2\/media\/50"}],"wp:attachment":[{"href":"https:\/\/www.tecnocortinas.com\/blog\/wp-json\/wp\/v2\/media?parent=251"}],"wp:term":[{"taxonomy":"category","embeddable":true,"href":"https:\/\/www.tecnocortinas.com\/blog\/wp-json\/wp\/v2\/categories?post=251"},{"taxonomy":"post_tag","embeddable":true,"href":"https:\/\/www.tecnocortinas.com\/blog\/wp-json\/wp\/v2\/tags?post=251"}],"curies":[{"name":"wp","href":"https:\/\/api.w.org\/{rel}","templated":true}]}}