{"id":259,"date":"2017-12-18T17:05:37","date_gmt":"2017-12-18T17:05:37","guid":{"rendered":"http:\/\/www.tecnocortinas.com\/blog\/?p=259"},"modified":"2020-04-09T12:02:35","modified_gmt":"2020-04-09T11:02:35","slug":"estores-noche-y-dia-tendencias-2018","status":"publish","type":"post","link":"https:\/\/www.tecnocortinas.com\/blog\/estores-noche-y-dia-tendencias-2018\/","title":{"rendered":"Estores noche y dia tendencias 2018"},"content":{"rendered":"<p><span style=\"font-weight: 400;\">Los <\/span><a href=\"https:\/\/www.tecnocortinas.com\/24-estores-enrollables-dia-y-noche\/\"><b>estores noche y d\u00eda<\/b><\/a> <span style=\"font-weight: 400;\">han sido una de las revelaciones de las \u00faltimas temporadas. Han gustado a mucha gente porque resultan muy pr\u00e1cticos y permiten que, sin tener que abrir el estor pueda pasar m\u00e1s o menos luz a una habitaci\u00f3n.<\/span><\/p>\n<p><span style=\"font-weight: 400;\">El sistema es sencillo pero ha sido pensado de manera muy inteligente. En lugar de una sola tela, estos estores funcionan con dos telas que tienen franjas opacas intercaladas con otras que dejan pasar la luz. Al mover el estor estas franjas se van combinando entre s\u00ed consiguiendo la opacidad total o regular la entrada de luz hasta donde se quiera llegar.<\/span><\/p>\n<p><span style=\"font-weight: 400;\">Y todo esto, conservando la privacidad de la habitaci\u00f3n, lo que hace que estos estores sean perfectos para hogares en los que no hay persianas, para habitaciones que dan a patios de luces en los que las ventanas de los vecinos est\u00e1n demasiado cerca e incluso para la sala de estar, pudiendo jugar con la intensidad de la luz en funci\u00f3n de la actividad que se est\u00e9 realizando.<\/span><\/p>\n<p><b>Las nuevas tendencias en estores noche y d\u00eda<\/b><\/p>\n<p><span style=\"font-weight: 400;\">Para este a\u00f1o 2018 los estores noche y d\u00eda van a continuar siendo tendencia, incluso m\u00e1s fuerte todav\u00eda. Se podr\u00e1n encontrar en una gran cantidad de colores y con diversidad de tonalidades. Algunos solo combinar\u00e1n dos tipos de rayas, las opacas y las que dejan pasar la luz en su totalidad, pero otros tendr\u00e1n varias tonalidades diferentes para conseguir una mayor diversidad de efectos.<\/span><\/p>\n<p><span style=\"font-weight: 400;\">Muchos de estos estores se van a enmarcar dentro de la tendencia nature que tan de moda va a estar. Por eso, en muchos casos van a imitar a otros materiales en sus tonos, por ejemplo a la madera. Incluso imitan sus franjas de color con un resultado muy original. Esta tendencia es muy elegante y encaja muy bien en los salones en los que, hasta ahora, eran m\u00e1s reticentes a entrar este tipo de estores.<\/span><\/p>\n<p><span style=\"font-weight: 400;\">Por \u00faltimo, este a\u00f1o tambi\u00e9n vamos a ver una nueva gama de colores en los estores noche y d\u00eda acorde con las nuevas tendencias de color para las paredes y los muebles. Uno de los colores estrella va a ser sin duda el azul cobalto, un tono que hemos visto de moda en la ropa y que ahora entra en la decoraci\u00f3n del hogar con una fuerza arrasadora. Los colores m\u00e1s suaves como el gris perla tambi\u00e9n estar\u00e1n de moda para las cortinas.<\/span><\/p>\n","protected":false},"excerpt":{"rendered":"<p>Los estores noche y d\u00eda han sido una de las revelaciones de las \u00faltimas temporadas. Han gustado a mucha gente porque resultan muy pr\u00e1cticos y permiten que, sin tener que abrir el estor pueda pasar m\u00e1s o menos luz a una habitaci\u00f3n. El sistema es sencillo pero ha sido pensado de manera muy inteligente. En [&hellip;]<\/p>\n","protected":false},"author":2,"featured_media":260,"comment_status":"closed","ping_status":"closed","sticky":false,"template":"","format":"standard","meta":{"_et_pb_use_builder":"","_et_pb_old_content":"","_et_gb_content_width":""},"categories":[17],"tags":[],"yoast_head":"<!-- This site is optimized with the Yoast SEO plugin v18.9 - https:\/\/yoast.com\/wordpress\/plugins\/seo\/ -->\n<title>Tendencias en estores noche y d\u00eda para el hogar<\/title>\n<meta name=\"description\" content=\"Tendencias, dise\u00f1os, colores y materiales para este a\u00f1o en estores de noche y d\u00eda, todas las novedades en tu blog de Tecnocortinas con 25 a\u00f1os de experiencia\" \/>\n<meta name=\"robots\" content=\"index, follow, max-snippet:-1, max-image-preview:large, max-video-preview:-1\" \/>\n<link rel=\"canonical\" href=\"https:\/\/www.tecnocortinas.com\/blog\/estores-noche-y-dia-tendencias-2018\/\" \/>\n<meta property=\"og:locale\" content=\"es_ES\" \/>\n<meta property=\"og:type\" content=\"article\" \/>\n<meta property=\"og:title\" content=\"Tendencias en estores noche y d\u00eda para el hogar\" \/>\n<meta property=\"og:description\" content=\"Tendencias, dise\u00f1os, colores y materiales para este a\u00f1o en estores de noche y d\u00eda, todas las novedades en tu blog de Tecnocortinas con 25 a\u00f1os de experiencia\" \/>\n<meta property=\"og:url\" content=\"https:\/\/www.tecnocortinas.com\/blog\/estores-noche-y-dia-tendencias-2018\/\" \/>\n<meta property=\"og:site_name\" content=\"Consejos y novedades en cortinas y estores Tecnocortinas\" \/>\n<meta property=\"article:published_time\" content=\"2017-12-18T17:05:37+00:00\" \/>\n<meta property=\"article:modified_time\" content=\"2020-04-09T11:02:35+00:00\" \/>\n<meta property=\"og:image\" content=\"https:\/\/www.tecnocortinas.com\/blog\/wp-content\/uploads\/2017\/12\/noche-y-dia-duolux-platinium.jpg\" \/>\n\t<meta property=\"og:image:width\" content=\"800\" \/>\n\t<meta property=\"og:image:height\" content=\"800\" \/>\n\t<meta property=\"og:image:type\" content=\"image\/jpeg\" \/>\n<meta name=\"twitter:card\" content=\"summary_large_image\" \/>\n<meta name=\"twitter:label1\" content=\"Escrito por\" \/>\n\t<meta name=\"twitter:data1\" content=\"Tecnocortinas\" \/>\n\t<meta name=\"twitter:label2\" content=\"Tiempo de lectura\" \/>\n\t<meta name=\"twitter:data2\" content=\"2 minutos\" \/>\n<script type=\"application\/ld+json\" class=\"yoast-schema-graph\">{\"@context\":\"https:\/\/schema.org\",\"@graph\":[{\"@type\":\"Organization\",\"@id\":\"https:\/\/www.tecnocortinas.com\/blog\/#organization\",\"name\":\"Tecnocortinas Blog\",\"url\":\"https:\/\/www.tecnocortinas.com\/blog\/\",\"sameAs\":[],\"logo\":{\"@type\":\"ImageObject\",\"inLanguage\":\"es\",\"@id\":\"https:\/\/www.tecnocortinas.com\/blog\/#\/schema\/logo\/image\/\",\"url\":\"https:\/\/www.tecnocortinas.com\/blog\/wp-content\/uploads\/2017\/09\/tecnocortinas-logo-1460657368.png\",\"contentUrl\":\"https:\/\/www.tecnocortinas.com\/blog\/wp-content\/uploads\/2017\/09\/tecnocortinas-logo-1460657368.png\",\"width\":183,\"height\":67,\"caption\":\"Tecnocortinas Blog\"},\"image\":{\"@id\":\"https:\/\/www.tecnocortinas.com\/blog\/#\/schema\/logo\/image\/\"}},{\"@type\":\"WebSite\",\"@id\":\"https:\/\/www.tecnocortinas.com\/blog\/#website\",\"url\":\"https:\/\/www.tecnocortinas.com\/blog\/\",\"name\":\"Consejos y novedades en cortinas y estores Tecnocortinas\",\"description\":\"Noticias y sugerencias para la decoraci\u00f3n con la \u00faltima moda en cortinas y estores desde tu tienda online Tecnocort\u00ednas\",\"publisher\":{\"@id\":\"https:\/\/www.tecnocortinas.com\/blog\/#organization\"},\"potentialAction\":[{\"@type\":\"SearchAction\",\"target\":{\"@type\":\"EntryPoint\",\"urlTemplate\":\"https:\/\/www.tecnocortinas.com\/blog\/?s={search_term_string}\"},\"query-input\":\"required name=search_term_string\"}],\"inLanguage\":\"es\"},{\"@type\":\"ImageObject\",\"inLanguage\":\"es\",\"@id\":\"https:\/\/www.tecnocortinas.com\/blog\/estores-noche-y-dia-tendencias-2018\/#primaryimage\",\"url\":\"https:\/\/www.tecnocortinas.com\/blog\/wp-content\/uploads\/2017\/12\/noche-y-dia-duolux-platinium.jpg\",\"contentUrl\":\"https:\/\/www.tecnocortinas.com\/blog\/wp-content\/uploads\/2017\/12\/noche-y-dia-duolux-platinium.jpg\",\"width\":800,\"height\":800,\"caption\":\"estores noche y dia\"},{\"@type\":[\"WebPage\",\"ItemPage\"],\"@id\":\"https:\/\/www.tecnocortinas.com\/blog\/estores-noche-y-dia-tendencias-2018\/#webpage\",\"url\":\"https:\/\/www.tecnocortinas.com\/blog\/estores-noche-y-dia-tendencias-2018\/\",\"name\":\"Tendencias en estores noche y d\u00eda para el hogar\",\"isPartOf\":{\"@id\":\"https:\/\/www.tecnocortinas.com\/blog\/#website\"},\"primaryImageOfPage\":{\"@id\":\"https:\/\/www.tecnocortinas.com\/blog\/estores-noche-y-dia-tendencias-2018\/#primaryimage\"},\"datePublished\":\"2017-12-18T17:05:37+00:00\",\"dateModified\":\"2020-04-09T11:02:35+00:00\",\"description\":\"Tendencias, dise\u00f1os, colores y materiales para este a\u00f1o en estores de noche y d\u00eda, todas las novedades en tu blog de Tecnocortinas con 25 a\u00f1os de experiencia\",\"breadcrumb\":{\"@id\":\"https:\/\/www.tecnocortinas.com\/blog\/estores-noche-y-dia-tendencias-2018\/#breadcrumb\"},\"inLanguage\":\"es\",\"potentialAction\":[{\"@type\":\"ReadAction\",\"target\":[\"https:\/\/www.tecnocortinas.com\/blog\/estores-noche-y-dia-tendencias-2018\/\"]}]},{\"@type\":\"BreadcrumbList\",\"@id\":\"https:\/\/www.tecnocortinas.com\/blog\/estores-noche-y-dia-tendencias-2018\/#breadcrumb\",\"itemListElement\":[{\"@type\":\"ListItem\",\"position\":1,\"name\":\"Portada\",\"item\":\"https:\/\/www.tecnocortinas.com\/blog\/\"},{\"@type\":\"ListItem\",\"position\":2,\"name\":\"Estores noche y dia tendencias 2018\"}]},{\"@type\":\"Article\",\"@id\":\"https:\/\/www.tecnocortinas.com\/blog\/estores-noche-y-dia-tendencias-2018\/#article\",\"isPartOf\":{\"@id\":\"https:\/\/www.tecnocortinas.com\/blog\/estores-noche-y-dia-tendencias-2018\/#webpage\"},\"author\":{\"@id\":\"https:\/\/www.tecnocortinas.com\/blog\/#\/schema\/person\/2bbd38c5d0dae0d3f725d8a768ccabc2\"},\"headline\":\"Estores noche y dia tendencias 2018\",\"datePublished\":\"2017-12-18T17:05:37+00:00\",\"dateModified\":\"2020-04-09T11:02:35+00:00\",\"mainEntityOfPage\":{\"@id\":\"https:\/\/www.tecnocortinas.com\/blog\/estores-noche-y-dia-tendencias-2018\/#webpage\"},\"wordCount\":430,\"publisher\":{\"@id\":\"https:\/\/www.tecnocortinas.com\/blog\/#organization\"},\"image\":{\"@id\":\"https:\/\/www.tecnocortinas.com\/blog\/estores-noche-y-dia-tendencias-2018\/#primaryimage\"},\"thumbnailUrl\":\"https:\/\/www.tecnocortinas.com\/blog\/wp-content\/uploads\/2017\/12\/noche-y-dia-duolux-platinium.jpg\",\"articleSection\":[\"Estores noche y dia\"],\"inLanguage\":\"es\"},{\"@type\":\"Person\",\"@id\":\"https:\/\/www.tecnocortinas.com\/blog\/#\/schema\/person\/2bbd38c5d0dae0d3f725d8a768ccabc2\",\"name\":\"Tecnocortinas\",\"image\":{\"@type\":\"ImageObject\",\"inLanguage\":\"es\",\"@id\":\"https:\/\/www.tecnocortinas.com\/blog\/#\/schema\/person\/image\/\",\"url\":\"https:\/\/secure.gravatar.com\/avatar\/bb2de11030b70e897d5027b7b7a75604?s=96&d=mm&r=g\",\"contentUrl\":\"https:\/\/secure.gravatar.com\/avatar\/bb2de11030b70e897d5027b7b7a75604?s=96&d=mm&r=g\",\"caption\":\"Tecnocortinas\"}}]}<\/script>\n<!-- \/ Yoast SEO plugin. -->","yoast_head_json":{"title":"Tendencias en estores noche y d\u00eda para el hogar","description":"Tendencias, dise\u00f1os, colores y materiales para este a\u00f1o en estores de noche y d\u00eda, todas las novedades en tu blog de Tecnocortinas con 25 a\u00f1os de experiencia","robots":{"index":"index","follow":"follow","max-snippet":"max-snippet:-1","max-image-preview":"max-image-preview:large","max-video-preview":"max-video-preview:-1"},"canonical":"https:\/\/www.tecnocortinas.com\/blog\/estores-noche-y-dia-tendencias-2018\/","og_locale":"es_ES","og_type":"article","og_title":"Tendencias en estores noche y d\u00eda para el hogar","og_description":"Tendencias, dise\u00f1os, colores y materiales para este a\u00f1o en estores de noche y d\u00eda, todas las novedades en tu blog de Tecnocortinas con 25 a\u00f1os de experiencia","og_url":"https:\/\/www.tecnocortinas.com\/blog\/estores-noche-y-dia-tendencias-2018\/","og_site_name":"Consejos y novedades en cortinas y estores Tecnocortinas","article_published_time":"2017-12-18T17:05:37+00:00","article_modified_time":"2020-04-09T11:02:35+00:00","og_image":[{"width":800,"height":800,"url":"https:\/\/www.tecnocortinas.com\/blog\/wp-content\/uploads\/2017\/12\/noche-y-dia-duolux-platinium.jpg","type":"image\/jpeg"}],"twitter_card":"summary_large_image","twitter_misc":{"Escrito por":"Tecnocortinas","Tiempo de lectura":"2 minutos"},"schema":{"@context":"https:\/\/schema.org","@graph":[{"@type":"Organization","@id":"https:\/\/www.tecnocortinas.com\/blog\/#organization","name":"Tecnocortinas Blog","url":"https:\/\/www.tecnocortinas.com\/blog\/","sameAs":[],"logo":{"@type":"ImageObject","inLanguage":"es","@id":"https:\/\/www.tecnocortinas.com\/blog\/#\/schema\/logo\/image\/","url":"https:\/\/www.tecnocortinas.com\/blog\/wp-content\/uploads\/2017\/09\/tecnocortinas-logo-1460657368.png","contentUrl":"https:\/\/www.tecnocortinas.com\/blog\/wp-content\/uploads\/2017\/09\/tecnocortinas-logo-1460657368.png","width":183,"height":67,"caption":"Tecnocortinas Blog"},"image":{"@id":"https:\/\/www.tecnocortinas.com\/blog\/#\/schema\/logo\/image\/"}},{"@type":"WebSite","@id":"https:\/\/www.tecnocortinas.com\/blog\/#website","url":"https:\/\/www.tecnocortinas.com\/blog\/","name":"Consejos y novedades en cortinas y estores Tecnocortinas","description":"Noticias y sugerencias para la decoraci\u00f3n con la \u00faltima moda en cortinas y estores desde tu tienda online Tecnocort\u00ednas","publisher":{"@id":"https:\/\/www.tecnocortinas.com\/blog\/#organization"},"potentialAction":[{"@type":"SearchAction","target":{"@type":"EntryPoint","urlTemplate":"https:\/\/www.tecnocortinas.com\/blog\/?s={search_term_string}"},"query-input":"required name=search_term_string"}],"inLanguage":"es"},{"@type":"ImageObject","inLanguage":"es","@id":"https:\/\/www.tecnocortinas.com\/blog\/estores-noche-y-dia-tendencias-2018\/#primaryimage","url":"https:\/\/www.tecnocortinas.com\/blog\/wp-content\/uploads\/2017\/12\/noche-y-dia-duolux-platinium.jpg","contentUrl":"https:\/\/www.tecnocortinas.com\/blog\/wp-content\/uploads\/2017\/12\/noche-y-dia-duolux-platinium.jpg","width":800,"height":800,"caption":"estores noche y dia"},{"@type":["WebPage","ItemPage"],"@id":"https:\/\/www.tecnocortinas.com\/blog\/estores-noche-y-dia-tendencias-2018\/#webpage","url":"https:\/\/www.tecnocortinas.com\/blog\/estores-noche-y-dia-tendencias-2018\/","name":"Tendencias en estores noche y d\u00eda para el hogar","isPartOf":{"@id":"https:\/\/www.tecnocortinas.com\/blog\/#website"},"primaryImageOfPage":{"@id":"https:\/\/www.tecnocortinas.com\/blog\/estores-noche-y-dia-tendencias-2018\/#primaryimage"},"datePublished":"2017-12-18T17:05:37+00:00","dateModified":"2020-04-09T11:02:35+00:00","description":"Tendencias, dise\u00f1os, colores y materiales para este a\u00f1o en estores de noche y d\u00eda, todas las novedades en tu blog de Tecnocortinas con 25 a\u00f1os de experiencia","breadcrumb":{"@id":"https:\/\/www.tecnocortinas.com\/blog\/estores-noche-y-dia-tendencias-2018\/#breadcrumb"},"inLanguage":"es","potentialAction":[{"@type":"ReadAction","target":["https:\/\/www.tecnocortinas.com\/blog\/estores-noche-y-dia-tendencias-2018\/"]}]},{"@type":"BreadcrumbList","@id":"https:\/\/www.tecnocortinas.com\/blog\/estores-noche-y-dia-tendencias-2018\/#breadcrumb","itemListElement":[{"@type":"ListItem","position":1,"name":"Portada","item":"https:\/\/www.tecnocortinas.com\/blog\/"},{"@type":"ListItem","position":2,"name":"Estores noche y dia tendencias 2018"}]},{"@type":"Article","@id":"https:\/\/www.tecnocortinas.com\/blog\/estores-noche-y-dia-tendencias-2018\/#article","isPartOf":{"@id":"https:\/\/www.tecnocortinas.com\/blog\/estores-noche-y-dia-tendencias-2018\/#webpage"},"author":{"@id":"https:\/\/www.tecnocortinas.com\/blog\/#\/schema\/person\/2bbd38c5d0dae0d3f725d8a768ccabc2"},"headline":"Estores noche y dia tendencias 2018","datePublished":"2017-12-18T17:05:37+00:00","dateModified":"2020-04-09T11:02:35+00:00","mainEntityOfPage":{"@id":"https:\/\/www.tecnocortinas.com\/blog\/estores-noche-y-dia-tendencias-2018\/#webpage"},"wordCount":430,"publisher":{"@id":"https:\/\/www.tecnocortinas.com\/blog\/#organization"},"image":{"@id":"https:\/\/www.tecnocortinas.com\/blog\/estores-noche-y-dia-tendencias-2018\/#primaryimage"},"thumbnailUrl":"https:\/\/www.tecnocortinas.com\/blog\/wp-content\/uploads\/2017\/12\/noche-y-dia-duolux-platinium.jpg","articleSection":["Estores noche y dia"],"inLanguage":"es"},{"@type":"Person","@id":"https:\/\/www.tecnocortinas.com\/blog\/#\/schema\/person\/2bbd38c5d0dae0d3f725d8a768ccabc2","name":"Tecnocortinas","image":{"@type":"ImageObject","inLanguage":"es","@id":"https:\/\/www.tecnocortinas.com\/blog\/#\/schema\/person\/image\/","url":"https:\/\/secure.gravatar.com\/avatar\/bb2de11030b70e897d5027b7b7a75604?s=96&d=mm&r=g","contentUrl":"https:\/\/secure.gravatar.com\/avatar\/bb2de11030b70e897d5027b7b7a75604?s=96&d=mm&r=g","caption":"Tecnocortinas"}}]}},"_links":{"self":[{"href":"https:\/\/www.tecnocortinas.com\/blog\/wp-json\/wp\/v2\/posts\/259"}],"collection":[{"href":"https:\/\/www.tecnocortinas.com\/blog\/wp-json\/wp\/v2\/posts"}],"about":[{"href":"https:\/\/www.tecnocortinas.com\/blog\/wp-json\/wp\/v2\/types\/post"}],"author":[{"embeddable":true,"href":"https:\/\/www.tecnocortinas.com\/blog\/wp-json\/wp\/v2\/users\/2"}],"replies":[{"embeddable":true,"href":"https:\/\/www.tecnocortinas.com\/blog\/wp-json\/wp\/v2\/comments?post=259"}],"version-history":[{"count":2,"href":"https:\/\/www.tecnocortinas.com\/blog\/wp-json\/wp\/v2\/posts\/259\/revisions"}],"predecessor-version":[{"id":483,"href":"https:\/\/www.tecnocortinas.com\/blog\/wp-json\/wp\/v2\/posts\/259\/revisions\/483"}],"wp:featuredmedia":[{"embeddable":true,"href":"https:\/\/www.tecnocortinas.com\/blog\/wp-json\/wp\/v2\/media\/260"}],"wp:attachment":[{"href":"https:\/\/www.tecnocortinas.com\/blog\/wp-json\/wp\/v2\/media?parent=259"}],"wp:term":[{"taxonomy":"category","embeddable":true,"href":"https:\/\/www.tecnocortinas.com\/blog\/wp-json\/wp\/v2\/categories?post=259"},{"taxonomy":"post_tag","embeddable":true,"href":"https:\/\/www.tecnocortinas.com\/blog\/wp-json\/wp\/v2\/tags?post=259"}],"curies":[{"name":"wp","href":"https:\/\/api.w.org\/{rel}","templated":true}]}}