{"id":284,"date":"2018-01-29T10:00:01","date_gmt":"2018-01-29T10:00:01","guid":{"rendered":"http:\/\/www.tecnocortinas.com\/blog\/?p=284"},"modified":"2020-04-09T12:08:56","modified_gmt":"2020-04-09T11:08:56","slug":"como-decorar-salones-modernos","status":"publish","type":"post","link":"https:\/\/www.tecnocortinas.com\/blog\/como-decorar-salones-modernos\/","title":{"rendered":"C\u00f3mo decorar salones modernos"},"content":{"rendered":"<p>Si quieres un <strong>sal\u00f3n con un estilo moderno y rompedor<\/strong> tienes que empezar por elegir una pintura para las paredes que le otorgue una apariencia muy rompedora. Te sugerimos el blanco, que sabemos que no es muy rompedor, pero que cuando se combina con una pared en un tono gris plomo intenso el resultado es elegante y muy llamativo.<\/p>\n<p>Para los muebles apostamos por las nuevas tendencias decorativas en verde y en amarillo. El verde, que puede ser con matices esmeraldas o en tonos envejecidos, para el mueble del sal\u00f3n. El amarillo para el sof\u00e1, d\u00e1ndole al sal\u00f3n un toque divertido, muy juvenil y ligeramente retro ya que estos colores recuerdan a la decoraci\u00f3n de los a\u00f1os sesenta en plena moda psicod\u00e9lica.<\/p>\n<p>Si te resistes al sof\u00e1 en amarillo te proponemos que el sof\u00e1 sea gris pero que coloques una o dos butacas en el tono propuesto para darle un toque divertido a la habitaci\u00f3n y darle un aire diferente aunque un poco menos radical.<\/p>\n<h2>Las cortinas y las alfombras<\/h2>\n<p>Con tanto color es importante que los complementos sean lo m\u00e1s discretos posibles, por eso <strong>apostamos por una alfombra blanca para el centro del sal\u00f3n.<\/strong> Sabemos que este color puede ser un poco complicado en una alfombra, as\u00ed que si no te atreves con \u00e9l, apuesta por un beige m\u00e1s f\u00e1cil de limpiar.<\/p>\n<p>En lugar de cortinas prueba a colocar <strong>estores modernos<\/strong> para sal\u00f3n <strong>ganando as\u00ed sensaci\u00f3n de amplitud<\/strong>. La opci\u00f3n m\u00e1s f\u00e1cil es que sean blancos, como la pared, aunque resultar\u00eda perfecto encontrar un modelo que tuviera algunos lunares en verde o en amarillo siempre que los tonos sean muy parecidos a los de los muebles.<\/p>\n<h2>Otros adornos complementarios<\/h2>\n<p>En lugar de cuadros puedes apostar por algunas cer\u00e1micas en la pared. Los platos son tendencia, tanto si decides escoger solo dos o tres de gran tama\u00f1o como si quieres jugar con varios en diferentes tonos y tama\u00f1os. En este caso tienes que tener mucho cuidado para combinar bien los colores.<\/p>\n<p>Los adornos de madera natural tallada tambi\u00e9n son muy elegantes y su clasicismo ofrece un contraste muy atractivo con los colores m\u00e1s pop de los muebles. Este tipo de contrastes, si se saben conjugar bien, dan mucha personalidad a una habitaci\u00f3n. Una mesa de centro de cristal te ayudar\u00e1 a que todo se vea espacioso y recogido. Evita recargarla con demasiados adornos para que adem\u00e1s de bonita sea \u00fatil.<\/p>\n","protected":false},"excerpt":{"rendered":"<p>Si quieres un sal\u00f3n con un estilo moderno y rompedor tienes que empezar por elegir una pintura para las paredes que le otorgue una apariencia muy rompedora. Te sugerimos el blanco, que sabemos que no es muy rompedor, pero que cuando se combina con una pared en un tono gris plomo intenso el resultado es [&hellip;]<\/p>\n","protected":false},"author":2,"featured_media":285,"comment_status":"closed","ping_status":"closed","sticky":false,"template":"","format":"standard","meta":{"_et_pb_use_builder":"","_et_pb_old_content":"","_et_gb_content_width":""},"categories":[4],"tags":[],"yoast_head":"<!-- This site is optimized with the Yoast SEO plugin v18.9 - https:\/\/yoast.com\/wordpress\/plugins\/seo\/ -->\n<title>\u00bfC\u00f3mo puedo decorar un sal\u00f3n al estilo moderno?<\/title>\n<meta name=\"description\" content=\"Si te encanta el dise\u00f1o moderno de los salones, te invitamos a entrar para descubrir c\u00f3mo puedes hacer tu sue\u00f1o realidad sin llegar al fracaso.\" \/>\n<meta name=\"robots\" content=\"index, follow, max-snippet:-1, max-image-preview:large, max-video-preview:-1\" \/>\n<link rel=\"canonical\" href=\"https:\/\/www.tecnocortinas.com\/blog\/como-decorar-salones-modernos\/\" \/>\n<meta property=\"og:locale\" content=\"es_ES\" \/>\n<meta property=\"og:type\" content=\"article\" \/>\n<meta property=\"og:title\" content=\"\u00bfC\u00f3mo puedo decorar un sal\u00f3n al estilo moderno?\" \/>\n<meta property=\"og:description\" content=\"Si te encanta el dise\u00f1o moderno de los salones, te invitamos a entrar para descubrir c\u00f3mo puedes hacer tu sue\u00f1o realidad sin llegar al fracaso.\" \/>\n<meta property=\"og:url\" content=\"https:\/\/www.tecnocortinas.com\/blog\/como-decorar-salones-modernos\/\" \/>\n<meta property=\"og:site_name\" content=\"Consejos y novedades en cortinas y estores Tecnocortinas\" \/>\n<meta property=\"article:published_time\" content=\"2018-01-29T10:00:01+00:00\" \/>\n<meta property=\"article:modified_time\" content=\"2020-04-09T11:08:56+00:00\" \/>\n<meta property=\"og:image\" content=\"https:\/\/www.tecnocortinas.com\/blog\/wp-content\/uploads\/2018\/01\/salones-modernos.jpeg\" \/>\n\t<meta property=\"og:image:width\" content=\"640\" \/>\n\t<meta property=\"og:image:height\" content=\"360\" \/>\n\t<meta property=\"og:image:type\" content=\"image\/jpeg\" \/>\n<meta name=\"twitter:card\" content=\"summary_large_image\" \/>\n<meta name=\"twitter:label1\" content=\"Escrito por\" \/>\n\t<meta name=\"twitter:data1\" content=\"Tecnocortinas\" \/>\n\t<meta name=\"twitter:label2\" content=\"Tiempo de lectura\" \/>\n\t<meta name=\"twitter:data2\" content=\"2 minutos\" \/>\n<script type=\"application\/ld+json\" class=\"yoast-schema-graph\">{\"@context\":\"https:\/\/schema.org\",\"@graph\":[{\"@type\":\"Organization\",\"@id\":\"https:\/\/www.tecnocortinas.com\/blog\/#organization\",\"name\":\"Tecnocortinas Blog\",\"url\":\"https:\/\/www.tecnocortinas.com\/blog\/\",\"sameAs\":[],\"logo\":{\"@type\":\"ImageObject\",\"inLanguage\":\"es\",\"@id\":\"https:\/\/www.tecnocortinas.com\/blog\/#\/schema\/logo\/image\/\",\"url\":\"https:\/\/www.tecnocortinas.com\/blog\/wp-content\/uploads\/2017\/09\/tecnocortinas-logo-1460657368.png\",\"contentUrl\":\"https:\/\/www.tecnocortinas.com\/blog\/wp-content\/uploads\/2017\/09\/tecnocortinas-logo-1460657368.png\",\"width\":183,\"height\":67,\"caption\":\"Tecnocortinas Blog\"},\"image\":{\"@id\":\"https:\/\/www.tecnocortinas.com\/blog\/#\/schema\/logo\/image\/\"}},{\"@type\":\"WebSite\",\"@id\":\"https:\/\/www.tecnocortinas.com\/blog\/#website\",\"url\":\"https:\/\/www.tecnocortinas.com\/blog\/\",\"name\":\"Consejos y novedades en cortinas y estores Tecnocortinas\",\"description\":\"Noticias y sugerencias para la decoraci\u00f3n con la \u00faltima moda en cortinas y estores desde tu tienda online Tecnocort\u00ednas\",\"publisher\":{\"@id\":\"https:\/\/www.tecnocortinas.com\/blog\/#organization\"},\"potentialAction\":[{\"@type\":\"SearchAction\",\"target\":{\"@type\":\"EntryPoint\",\"urlTemplate\":\"https:\/\/www.tecnocortinas.com\/blog\/?s={search_term_string}\"},\"query-input\":\"required name=search_term_string\"}],\"inLanguage\":\"es\"},{\"@type\":\"ImageObject\",\"inLanguage\":\"es\",\"@id\":\"https:\/\/www.tecnocortinas.com\/blog\/como-decorar-salones-modernos\/#primaryimage\",\"url\":\"https:\/\/www.tecnocortinas.com\/blog\/wp-content\/uploads\/2018\/01\/salones-modernos.jpeg\",\"contentUrl\":\"https:\/\/www.tecnocortinas.com\/blog\/wp-content\/uploads\/2018\/01\/salones-modernos.jpeg\",\"width\":640,\"height\":360,\"caption\":\"salones-modernos\"},{\"@type\":[\"WebPage\",\"ItemPage\"],\"@id\":\"https:\/\/www.tecnocortinas.com\/blog\/como-decorar-salones-modernos\/#webpage\",\"url\":\"https:\/\/www.tecnocortinas.com\/blog\/como-decorar-salones-modernos\/\",\"name\":\"\u00bfC\u00f3mo puedo decorar un sal\u00f3n al estilo moderno?\",\"isPartOf\":{\"@id\":\"https:\/\/www.tecnocortinas.com\/blog\/#website\"},\"primaryImageOfPage\":{\"@id\":\"https:\/\/www.tecnocortinas.com\/blog\/como-decorar-salones-modernos\/#primaryimage\"},\"datePublished\":\"2018-01-29T10:00:01+00:00\",\"dateModified\":\"2020-04-09T11:08:56+00:00\",\"description\":\"Si te encanta el dise\u00f1o moderno de los salones, te invitamos a entrar para descubrir c\u00f3mo puedes hacer tu sue\u00f1o realidad sin llegar al fracaso.\",\"breadcrumb\":{\"@id\":\"https:\/\/www.tecnocortinas.com\/blog\/como-decorar-salones-modernos\/#breadcrumb\"},\"inLanguage\":\"es\",\"potentialAction\":[{\"@type\":\"ReadAction\",\"target\":[\"https:\/\/www.tecnocortinas.com\/blog\/como-decorar-salones-modernos\/\"]}]},{\"@type\":\"BreadcrumbList\",\"@id\":\"https:\/\/www.tecnocortinas.com\/blog\/como-decorar-salones-modernos\/#breadcrumb\",\"itemListElement\":[{\"@type\":\"ListItem\",\"position\":1,\"name\":\"Portada\",\"item\":\"https:\/\/www.tecnocortinas.com\/blog\/\"},{\"@type\":\"ListItem\",\"position\":2,\"name\":\"C\u00f3mo decorar salones modernos\"}]},{\"@type\":\"Article\",\"@id\":\"https:\/\/www.tecnocortinas.com\/blog\/como-decorar-salones-modernos\/#article\",\"isPartOf\":{\"@id\":\"https:\/\/www.tecnocortinas.com\/blog\/como-decorar-salones-modernos\/#webpage\"},\"author\":{\"@id\":\"https:\/\/www.tecnocortinas.com\/blog\/#\/schema\/person\/2bbd38c5d0dae0d3f725d8a768ccabc2\"},\"headline\":\"C\u00f3mo decorar salones modernos\",\"datePublished\":\"2018-01-29T10:00:01+00:00\",\"dateModified\":\"2020-04-09T11:08:56+00:00\",\"mainEntityOfPage\":{\"@id\":\"https:\/\/www.tecnocortinas.com\/blog\/como-decorar-salones-modernos\/#webpage\"},\"wordCount\":430,\"publisher\":{\"@id\":\"https:\/\/www.tecnocortinas.com\/blog\/#organization\"},\"image\":{\"@id\":\"https:\/\/www.tecnocortinas.com\/blog\/como-decorar-salones-modernos\/#primaryimage\"},\"thumbnailUrl\":\"https:\/\/www.tecnocortinas.com\/blog\/wp-content\/uploads\/2018\/01\/salones-modernos.jpeg\",\"articleSection\":[\"La Decoraci\u00f3n\"],\"inLanguage\":\"es\"},{\"@type\":\"Person\",\"@id\":\"https:\/\/www.tecnocortinas.com\/blog\/#\/schema\/person\/2bbd38c5d0dae0d3f725d8a768ccabc2\",\"name\":\"Tecnocortinas\",\"image\":{\"@type\":\"ImageObject\",\"inLanguage\":\"es\",\"@id\":\"https:\/\/www.tecnocortinas.com\/blog\/#\/schema\/person\/image\/\",\"url\":\"https:\/\/secure.gravatar.com\/avatar\/bb2de11030b70e897d5027b7b7a75604?s=96&d=mm&r=g\",\"contentUrl\":\"https:\/\/secure.gravatar.com\/avatar\/bb2de11030b70e897d5027b7b7a75604?s=96&d=mm&r=g\",\"caption\":\"Tecnocortinas\"}}]}<\/script>\n<!-- \/ Yoast SEO plugin. -->","yoast_head_json":{"title":"\u00bfC\u00f3mo puedo decorar un sal\u00f3n al estilo moderno?","description":"Si te encanta el dise\u00f1o moderno de los salones, te invitamos a entrar para descubrir c\u00f3mo puedes hacer tu sue\u00f1o realidad sin llegar al fracaso.","robots":{"index":"index","follow":"follow","max-snippet":"max-snippet:-1","max-image-preview":"max-image-preview:large","max-video-preview":"max-video-preview:-1"},"canonical":"https:\/\/www.tecnocortinas.com\/blog\/como-decorar-salones-modernos\/","og_locale":"es_ES","og_type":"article","og_title":"\u00bfC\u00f3mo puedo decorar un sal\u00f3n al estilo moderno?","og_description":"Si te encanta el dise\u00f1o moderno de los salones, te invitamos a entrar para descubrir c\u00f3mo puedes hacer tu sue\u00f1o realidad sin llegar al fracaso.","og_url":"https:\/\/www.tecnocortinas.com\/blog\/como-decorar-salones-modernos\/","og_site_name":"Consejos y novedades en cortinas y estores Tecnocortinas","article_published_time":"2018-01-29T10:00:01+00:00","article_modified_time":"2020-04-09T11:08:56+00:00","og_image":[{"width":640,"height":360,"url":"https:\/\/www.tecnocortinas.com\/blog\/wp-content\/uploads\/2018\/01\/salones-modernos.jpeg","type":"image\/jpeg"}],"twitter_card":"summary_large_image","twitter_misc":{"Escrito por":"Tecnocortinas","Tiempo de lectura":"2 minutos"},"schema":{"@context":"https:\/\/schema.org","@graph":[{"@type":"Organization","@id":"https:\/\/www.tecnocortinas.com\/blog\/#organization","name":"Tecnocortinas Blog","url":"https:\/\/www.tecnocortinas.com\/blog\/","sameAs":[],"logo":{"@type":"ImageObject","inLanguage":"es","@id":"https:\/\/www.tecnocortinas.com\/blog\/#\/schema\/logo\/image\/","url":"https:\/\/www.tecnocortinas.com\/blog\/wp-content\/uploads\/2017\/09\/tecnocortinas-logo-1460657368.png","contentUrl":"https:\/\/www.tecnocortinas.com\/blog\/wp-content\/uploads\/2017\/09\/tecnocortinas-logo-1460657368.png","width":183,"height":67,"caption":"Tecnocortinas Blog"},"image":{"@id":"https:\/\/www.tecnocortinas.com\/blog\/#\/schema\/logo\/image\/"}},{"@type":"WebSite","@id":"https:\/\/www.tecnocortinas.com\/blog\/#website","url":"https:\/\/www.tecnocortinas.com\/blog\/","name":"Consejos y novedades en cortinas y estores Tecnocortinas","description":"Noticias y sugerencias para la decoraci\u00f3n con la \u00faltima moda en cortinas y estores desde tu tienda online Tecnocort\u00ednas","publisher":{"@id":"https:\/\/www.tecnocortinas.com\/blog\/#organization"},"potentialAction":[{"@type":"SearchAction","target":{"@type":"EntryPoint","urlTemplate":"https:\/\/www.tecnocortinas.com\/blog\/?s={search_term_string}"},"query-input":"required name=search_term_string"}],"inLanguage":"es"},{"@type":"ImageObject","inLanguage":"es","@id":"https:\/\/www.tecnocortinas.com\/blog\/como-decorar-salones-modernos\/#primaryimage","url":"https:\/\/www.tecnocortinas.com\/blog\/wp-content\/uploads\/2018\/01\/salones-modernos.jpeg","contentUrl":"https:\/\/www.tecnocortinas.com\/blog\/wp-content\/uploads\/2018\/01\/salones-modernos.jpeg","width":640,"height":360,"caption":"salones-modernos"},{"@type":["WebPage","ItemPage"],"@id":"https:\/\/www.tecnocortinas.com\/blog\/como-decorar-salones-modernos\/#webpage","url":"https:\/\/www.tecnocortinas.com\/blog\/como-decorar-salones-modernos\/","name":"\u00bfC\u00f3mo puedo decorar un sal\u00f3n al estilo moderno?","isPartOf":{"@id":"https:\/\/www.tecnocortinas.com\/blog\/#website"},"primaryImageOfPage":{"@id":"https:\/\/www.tecnocortinas.com\/blog\/como-decorar-salones-modernos\/#primaryimage"},"datePublished":"2018-01-29T10:00:01+00:00","dateModified":"2020-04-09T11:08:56+00:00","description":"Si te encanta el dise\u00f1o moderno de los salones, te invitamos a entrar para descubrir c\u00f3mo puedes hacer tu sue\u00f1o realidad sin llegar al fracaso.","breadcrumb":{"@id":"https:\/\/www.tecnocortinas.com\/blog\/como-decorar-salones-modernos\/#breadcrumb"},"inLanguage":"es","potentialAction":[{"@type":"ReadAction","target":["https:\/\/www.tecnocortinas.com\/blog\/como-decorar-salones-modernos\/"]}]},{"@type":"BreadcrumbList","@id":"https:\/\/www.tecnocortinas.com\/blog\/como-decorar-salones-modernos\/#breadcrumb","itemListElement":[{"@type":"ListItem","position":1,"name":"Portada","item":"https:\/\/www.tecnocortinas.com\/blog\/"},{"@type":"ListItem","position":2,"name":"C\u00f3mo decorar salones modernos"}]},{"@type":"Article","@id":"https:\/\/www.tecnocortinas.com\/blog\/como-decorar-salones-modernos\/#article","isPartOf":{"@id":"https:\/\/www.tecnocortinas.com\/blog\/como-decorar-salones-modernos\/#webpage"},"author":{"@id":"https:\/\/www.tecnocortinas.com\/blog\/#\/schema\/person\/2bbd38c5d0dae0d3f725d8a768ccabc2"},"headline":"C\u00f3mo decorar salones modernos","datePublished":"2018-01-29T10:00:01+00:00","dateModified":"2020-04-09T11:08:56+00:00","mainEntityOfPage":{"@id":"https:\/\/www.tecnocortinas.com\/blog\/como-decorar-salones-modernos\/#webpage"},"wordCount":430,"publisher":{"@id":"https:\/\/www.tecnocortinas.com\/blog\/#organization"},"image":{"@id":"https:\/\/www.tecnocortinas.com\/blog\/como-decorar-salones-modernos\/#primaryimage"},"thumbnailUrl":"https:\/\/www.tecnocortinas.com\/blog\/wp-content\/uploads\/2018\/01\/salones-modernos.jpeg","articleSection":["La Decoraci\u00f3n"],"inLanguage":"es"},{"@type":"Person","@id":"https:\/\/www.tecnocortinas.com\/blog\/#\/schema\/person\/2bbd38c5d0dae0d3f725d8a768ccabc2","name":"Tecnocortinas","image":{"@type":"ImageObject","inLanguage":"es","@id":"https:\/\/www.tecnocortinas.com\/blog\/#\/schema\/person\/image\/","url":"https:\/\/secure.gravatar.com\/avatar\/bb2de11030b70e897d5027b7b7a75604?s=96&d=mm&r=g","contentUrl":"https:\/\/secure.gravatar.com\/avatar\/bb2de11030b70e897d5027b7b7a75604?s=96&d=mm&r=g","caption":"Tecnocortinas"}}]}},"_links":{"self":[{"href":"https:\/\/www.tecnocortinas.com\/blog\/wp-json\/wp\/v2\/posts\/284"}],"collection":[{"href":"https:\/\/www.tecnocortinas.com\/blog\/wp-json\/wp\/v2\/posts"}],"about":[{"href":"https:\/\/www.tecnocortinas.com\/blog\/wp-json\/wp\/v2\/types\/post"}],"author":[{"embeddable":true,"href":"https:\/\/www.tecnocortinas.com\/blog\/wp-json\/wp\/v2\/users\/2"}],"replies":[{"embeddable":true,"href":"https:\/\/www.tecnocortinas.com\/blog\/wp-json\/wp\/v2\/comments?post=284"}],"version-history":[{"count":1,"href":"https:\/\/www.tecnocortinas.com\/blog\/wp-json\/wp\/v2\/posts\/284\/revisions"}],"predecessor-version":[{"id":286,"href":"https:\/\/www.tecnocortinas.com\/blog\/wp-json\/wp\/v2\/posts\/284\/revisions\/286"}],"wp:featuredmedia":[{"embeddable":true,"href":"https:\/\/www.tecnocortinas.com\/blog\/wp-json\/wp\/v2\/media\/285"}],"wp:attachment":[{"href":"https:\/\/www.tecnocortinas.com\/blog\/wp-json\/wp\/v2\/media?parent=284"}],"wp:term":[{"taxonomy":"category","embeddable":true,"href":"https:\/\/www.tecnocortinas.com\/blog\/wp-json\/wp\/v2\/categories?post=284"},{"taxonomy":"post_tag","embeddable":true,"href":"https:\/\/www.tecnocortinas.com\/blog\/wp-json\/wp\/v2\/tags?post=284"}],"curies":[{"name":"wp","href":"https:\/\/api.w.org\/{rel}","templated":true}]}}