{"id":307,"date":"2018-03-05T10:00:08","date_gmt":"2018-03-05T09:00:08","guid":{"rendered":"http:\/\/www.tecnocortinas.com\/blog\/?p=307"},"modified":"2026-02-11T18:54:50","modified_gmt":"2026-02-11T17:54:50","slug":"casa-para-nueva-estacion","status":"publish","type":"post","link":"https:\/\/www.tecnocortinas.com\/blog\/casa-para-nueva-estacion\/","title":{"rendered":"Pon a punto tu casa para la nueva estaci\u00f3n"},"content":{"rendered":"<p>Con la llegada de la primavera es habitual realizar cambios en la decoraci\u00f3n de la casa. En muchos hogares las alfombras se recogen al llegar el buen tiempo y se guardan bien protegidas hasta el oto\u00f1o junto con los edredones n\u00f3rdicos y las mantas m\u00e1s gruesas. Salen del armario las colchas ligeras y con alegres colores e incluso muchas personas cambian las fundas de los cojines para que tambi\u00e9n sean m\u00e1s alegres y primaverales.<\/p>\n<p>Todos los detalles cuentan para que la casa se renueve y deje atr\u00e1s esta etapa en la que una manta mullida era una tentaci\u00f3n en el sof\u00e1. En breve, lo que te apetecer\u00e1 ser\u00e1 el aire acondicionado y un vaso de refresco helado. Y eso se tiene que reflejar en todos los aspectos de tu casa, tambi\u00e9n en las cortinas.<\/p>\n<h2>\u00bfCortinas de verano y cortinas de invierno?<\/h2>\n<p>Puede parecer una locura pensar en tener dos juegos de cortinas, uno de verano y otro de invierno, al menos en la sala y en el dormitorio principal pero lo cierto es que no es una mala idea.<\/p>\n<p>En verano el color, los estampados florales y las telas m\u00e1s frescas son preferibles a los tejidos m\u00e1s gruesos del invierno y esto se refleja tambi\u00e9n en las cortinas y los estores. Si en invierno nos pueden encantar unos cortinones gruesos que nos a\u00edslen todav\u00eda m\u00e1s del fr\u00edo que pueda filtrarse por la ventana, en verano queremos una tela suave y fresca que deje pasar toda la luz a la vez que nos protege del sol.<\/p>\n<p>Si lo piensas bien, el cambio no es tan complicado y lo que aporta en el hogar es mucho, ya que un cambio en las cortinas transforma por completo todo el ambiente de la habitaci\u00f3n.<\/p>\n<h2>El dormitorio lo pide<\/h2>\n<p>Si hay una habitaci\u00f3n en la que el cambio a cortinas de verano es todav\u00eda m\u00e1s necesario es en el dormitorio principal. Las cortinas suelen estar en equilibrio con la ropa de cama, aunque no vayan a juego estrictamente. Por eso, si cambias la funda del n\u00f3rdico y pones una colcha de verano, \u00bfno ser\u00eda lo m\u00e1s indicado cambiar tambi\u00e9n las cortinas?<\/p>\n<p>No puede ser que las cortinas de invierno condicionen la compra de tu colcha de verano, pon m\u00e1s color y haz m\u00e1s ligero el peso de las telas realizando un cambio completo. Ver\u00e1s cu\u00e1nto gana la habitaci\u00f3n y lo fresca que se ver\u00e1.<\/p>\n","protected":false},"excerpt":{"rendered":"<p>Con la llegada de la primavera es habitual realizar cambios en la decoraci\u00f3n de la casa. En muchos hogares las alfombras se recogen al llegar el buen tiempo y se guardan bien protegidas hasta el oto\u00f1o junto con los edredones n\u00f3rdicos y las mantas m\u00e1s gruesas. Salen del armario las colchas ligeras y con alegres [&hellip;]<\/p>\n","protected":false},"author":2,"featured_media":0,"comment_status":"closed","ping_status":"closed","sticky":false,"template":"","format":"standard","meta":{"_et_pb_use_builder":"","_et_pb_old_content":"","_et_gb_content_width":""},"categories":[4],"tags":[],"yoast_head":"<!-- This site is optimized with the Yoast SEO plugin v18.9 - https:\/\/yoast.com\/wordpress\/plugins\/seo\/ -->\n<title>Llega la primavera y los nuevos consejos en cortinas<\/title>\n<meta name=\"description\" content=\"Con el cambio de temporada hacia la primavera es hora de dar un nuevo look a tus habitaciones con consejos de cortinas ideales para la epoca\" \/>\n<meta name=\"robots\" content=\"index, follow, max-snippet:-1, max-image-preview:large, max-video-preview:-1\" \/>\n<link rel=\"canonical\" href=\"https:\/\/www.tecnocortinas.com\/blog\/casa-para-nueva-estacion\/\" \/>\n<meta property=\"og:locale\" content=\"es_ES\" \/>\n<meta property=\"og:type\" content=\"article\" \/>\n<meta property=\"og:title\" content=\"Llega la primavera y los nuevos consejos en cortinas\" \/>\n<meta property=\"og:description\" content=\"Con el cambio de temporada hacia la primavera es hora de dar un nuevo look a tus habitaciones con consejos de cortinas ideales para la epoca\" \/>\n<meta property=\"og:url\" content=\"https:\/\/www.tecnocortinas.com\/blog\/casa-para-nueva-estacion\/\" \/>\n<meta property=\"og:site_name\" content=\"Consejos y novedades en cortinas y estores Tecnocortinas\" \/>\n<meta property=\"article:published_time\" content=\"2018-03-05T09:00:08+00:00\" \/>\n<meta property=\"article:modified_time\" content=\"2026-02-11T17:54:50+00:00\" \/>\n<meta name=\"twitter:card\" content=\"summary_large_image\" \/>\n<meta name=\"twitter:label1\" content=\"Escrito por\" \/>\n\t<meta name=\"twitter:data1\" content=\"Tecnocortinas\" \/>\n\t<meta name=\"twitter:label2\" content=\"Tiempo de lectura\" \/>\n\t<meta name=\"twitter:data2\" content=\"2 minutos\" \/>\n<script type=\"application\/ld+json\" class=\"yoast-schema-graph\">{\"@context\":\"https:\/\/schema.org\",\"@graph\":[{\"@type\":\"Organization\",\"@id\":\"https:\/\/www.tecnocortinas.com\/blog\/#organization\",\"name\":\"Tecnocortinas Blog\",\"url\":\"https:\/\/www.tecnocortinas.com\/blog\/\",\"sameAs\":[],\"logo\":{\"@type\":\"ImageObject\",\"inLanguage\":\"es\",\"@id\":\"https:\/\/www.tecnocortinas.com\/blog\/#\/schema\/logo\/image\/\",\"url\":\"https:\/\/www.tecnocortinas.com\/blog\/wp-content\/uploads\/2017\/09\/tecnocortinas-logo-1460657368.png\",\"contentUrl\":\"https:\/\/www.tecnocortinas.com\/blog\/wp-content\/uploads\/2017\/09\/tecnocortinas-logo-1460657368.png\",\"width\":183,\"height\":67,\"caption\":\"Tecnocortinas Blog\"},\"image\":{\"@id\":\"https:\/\/www.tecnocortinas.com\/blog\/#\/schema\/logo\/image\/\"}},{\"@type\":\"WebSite\",\"@id\":\"https:\/\/www.tecnocortinas.com\/blog\/#website\",\"url\":\"https:\/\/www.tecnocortinas.com\/blog\/\",\"name\":\"Consejos y novedades en cortinas y estores Tecnocortinas\",\"description\":\"Noticias y sugerencias para la decoraci\u00f3n con la \u00faltima moda en cortinas y estores desde tu tienda online Tecnocort\u00ednas\",\"publisher\":{\"@id\":\"https:\/\/www.tecnocortinas.com\/blog\/#organization\"},\"potentialAction\":[{\"@type\":\"SearchAction\",\"target\":{\"@type\":\"EntryPoint\",\"urlTemplate\":\"https:\/\/www.tecnocortinas.com\/blog\/?s={search_term_string}\"},\"query-input\":\"required name=search_term_string\"}],\"inLanguage\":\"es\"},{\"@type\":[\"WebPage\",\"ItemPage\"],\"@id\":\"https:\/\/www.tecnocortinas.com\/blog\/casa-para-nueva-estacion\/#webpage\",\"url\":\"https:\/\/www.tecnocortinas.com\/blog\/casa-para-nueva-estacion\/\",\"name\":\"Llega la primavera y los nuevos consejos en cortinas\",\"isPartOf\":{\"@id\":\"https:\/\/www.tecnocortinas.com\/blog\/#website\"},\"datePublished\":\"2018-03-05T09:00:08+00:00\",\"dateModified\":\"2026-02-11T17:54:50+00:00\",\"description\":\"Con el cambio de temporada hacia la primavera es hora de dar un nuevo look a tus habitaciones con consejos de cortinas ideales para la epoca\",\"breadcrumb\":{\"@id\":\"https:\/\/www.tecnocortinas.com\/blog\/casa-para-nueva-estacion\/#breadcrumb\"},\"inLanguage\":\"es\",\"potentialAction\":[{\"@type\":\"ReadAction\",\"target\":[\"https:\/\/www.tecnocortinas.com\/blog\/casa-para-nueva-estacion\/\"]}]},{\"@type\":\"BreadcrumbList\",\"@id\":\"https:\/\/www.tecnocortinas.com\/blog\/casa-para-nueva-estacion\/#breadcrumb\",\"itemListElement\":[{\"@type\":\"ListItem\",\"position\":1,\"name\":\"Portada\",\"item\":\"https:\/\/www.tecnocortinas.com\/blog\/\"},{\"@type\":\"ListItem\",\"position\":2,\"name\":\"Pon a punto tu casa para la nueva estaci\u00f3n\"}]},{\"@type\":\"Article\",\"@id\":\"https:\/\/www.tecnocortinas.com\/blog\/casa-para-nueva-estacion\/#article\",\"isPartOf\":{\"@id\":\"https:\/\/www.tecnocortinas.com\/blog\/casa-para-nueva-estacion\/#webpage\"},\"author\":{\"@id\":\"https:\/\/www.tecnocortinas.com\/blog\/#\/schema\/person\/2bbd38c5d0dae0d3f725d8a768ccabc2\"},\"headline\":\"Pon a punto tu casa para la nueva estaci\u00f3n\",\"datePublished\":\"2018-03-05T09:00:08+00:00\",\"dateModified\":\"2026-02-11T17:54:50+00:00\",\"mainEntityOfPage\":{\"@id\":\"https:\/\/www.tecnocortinas.com\/blog\/casa-para-nueva-estacion\/#webpage\"},\"wordCount\":438,\"publisher\":{\"@id\":\"https:\/\/www.tecnocortinas.com\/blog\/#organization\"},\"articleSection\":[\"La Decoraci\u00f3n\"],\"inLanguage\":\"es\"},{\"@type\":\"Person\",\"@id\":\"https:\/\/www.tecnocortinas.com\/blog\/#\/schema\/person\/2bbd38c5d0dae0d3f725d8a768ccabc2\",\"name\":\"Tecnocortinas\",\"image\":{\"@type\":\"ImageObject\",\"inLanguage\":\"es\",\"@id\":\"https:\/\/www.tecnocortinas.com\/blog\/#\/schema\/person\/image\/\",\"url\":\"https:\/\/secure.gravatar.com\/avatar\/bb2de11030b70e897d5027b7b7a75604?s=96&d=mm&r=g\",\"contentUrl\":\"https:\/\/secure.gravatar.com\/avatar\/bb2de11030b70e897d5027b7b7a75604?s=96&d=mm&r=g\",\"caption\":\"Tecnocortinas\"}}]}<\/script>\n<!-- \/ Yoast SEO plugin. -->","yoast_head_json":{"title":"Llega la primavera y los nuevos consejos en cortinas","description":"Con el cambio de temporada hacia la primavera es hora de dar un nuevo look a tus habitaciones con consejos de cortinas ideales para la epoca","robots":{"index":"index","follow":"follow","max-snippet":"max-snippet:-1","max-image-preview":"max-image-preview:large","max-video-preview":"max-video-preview:-1"},"canonical":"https:\/\/www.tecnocortinas.com\/blog\/casa-para-nueva-estacion\/","og_locale":"es_ES","og_type":"article","og_title":"Llega la primavera y los nuevos consejos en cortinas","og_description":"Con el cambio de temporada hacia la primavera es hora de dar un nuevo look a tus habitaciones con consejos de cortinas ideales para la epoca","og_url":"https:\/\/www.tecnocortinas.com\/blog\/casa-para-nueva-estacion\/","og_site_name":"Consejos y novedades en cortinas y estores Tecnocortinas","article_published_time":"2018-03-05T09:00:08+00:00","article_modified_time":"2026-02-11T17:54:50+00:00","twitter_card":"summary_large_image","twitter_misc":{"Escrito por":"Tecnocortinas","Tiempo de lectura":"2 minutos"},"schema":{"@context":"https:\/\/schema.org","@graph":[{"@type":"Organization","@id":"https:\/\/www.tecnocortinas.com\/blog\/#organization","name":"Tecnocortinas Blog","url":"https:\/\/www.tecnocortinas.com\/blog\/","sameAs":[],"logo":{"@type":"ImageObject","inLanguage":"es","@id":"https:\/\/www.tecnocortinas.com\/blog\/#\/schema\/logo\/image\/","url":"https:\/\/www.tecnocortinas.com\/blog\/wp-content\/uploads\/2017\/09\/tecnocortinas-logo-1460657368.png","contentUrl":"https:\/\/www.tecnocortinas.com\/blog\/wp-content\/uploads\/2017\/09\/tecnocortinas-logo-1460657368.png","width":183,"height":67,"caption":"Tecnocortinas Blog"},"image":{"@id":"https:\/\/www.tecnocortinas.com\/blog\/#\/schema\/logo\/image\/"}},{"@type":"WebSite","@id":"https:\/\/www.tecnocortinas.com\/blog\/#website","url":"https:\/\/www.tecnocortinas.com\/blog\/","name":"Consejos y novedades en cortinas y estores Tecnocortinas","description":"Noticias y sugerencias para la decoraci\u00f3n con la \u00faltima moda en cortinas y estores desde tu tienda online Tecnocort\u00ednas","publisher":{"@id":"https:\/\/www.tecnocortinas.com\/blog\/#organization"},"potentialAction":[{"@type":"SearchAction","target":{"@type":"EntryPoint","urlTemplate":"https:\/\/www.tecnocortinas.com\/blog\/?s={search_term_string}"},"query-input":"required name=search_term_string"}],"inLanguage":"es"},{"@type":["WebPage","ItemPage"],"@id":"https:\/\/www.tecnocortinas.com\/blog\/casa-para-nueva-estacion\/#webpage","url":"https:\/\/www.tecnocortinas.com\/blog\/casa-para-nueva-estacion\/","name":"Llega la primavera y los nuevos consejos en cortinas","isPartOf":{"@id":"https:\/\/www.tecnocortinas.com\/blog\/#website"},"datePublished":"2018-03-05T09:00:08+00:00","dateModified":"2026-02-11T17:54:50+00:00","description":"Con el cambio de temporada hacia la primavera es hora de dar un nuevo look a tus habitaciones con consejos de cortinas ideales para la epoca","breadcrumb":{"@id":"https:\/\/www.tecnocortinas.com\/blog\/casa-para-nueva-estacion\/#breadcrumb"},"inLanguage":"es","potentialAction":[{"@type":"ReadAction","target":["https:\/\/www.tecnocortinas.com\/blog\/casa-para-nueva-estacion\/"]}]},{"@type":"BreadcrumbList","@id":"https:\/\/www.tecnocortinas.com\/blog\/casa-para-nueva-estacion\/#breadcrumb","itemListElement":[{"@type":"ListItem","position":1,"name":"Portada","item":"https:\/\/www.tecnocortinas.com\/blog\/"},{"@type":"ListItem","position":2,"name":"Pon a punto tu casa para la nueva estaci\u00f3n"}]},{"@type":"Article","@id":"https:\/\/www.tecnocortinas.com\/blog\/casa-para-nueva-estacion\/#article","isPartOf":{"@id":"https:\/\/www.tecnocortinas.com\/blog\/casa-para-nueva-estacion\/#webpage"},"author":{"@id":"https:\/\/www.tecnocortinas.com\/blog\/#\/schema\/person\/2bbd38c5d0dae0d3f725d8a768ccabc2"},"headline":"Pon a punto tu casa para la nueva estaci\u00f3n","datePublished":"2018-03-05T09:00:08+00:00","dateModified":"2026-02-11T17:54:50+00:00","mainEntityOfPage":{"@id":"https:\/\/www.tecnocortinas.com\/blog\/casa-para-nueva-estacion\/#webpage"},"wordCount":438,"publisher":{"@id":"https:\/\/www.tecnocortinas.com\/blog\/#organization"},"articleSection":["La Decoraci\u00f3n"],"inLanguage":"es"},{"@type":"Person","@id":"https:\/\/www.tecnocortinas.com\/blog\/#\/schema\/person\/2bbd38c5d0dae0d3f725d8a768ccabc2","name":"Tecnocortinas","image":{"@type":"ImageObject","inLanguage":"es","@id":"https:\/\/www.tecnocortinas.com\/blog\/#\/schema\/person\/image\/","url":"https:\/\/secure.gravatar.com\/avatar\/bb2de11030b70e897d5027b7b7a75604?s=96&d=mm&r=g","contentUrl":"https:\/\/secure.gravatar.com\/avatar\/bb2de11030b70e897d5027b7b7a75604?s=96&d=mm&r=g","caption":"Tecnocortinas"}}]}},"_links":{"self":[{"href":"https:\/\/www.tecnocortinas.com\/blog\/wp-json\/wp\/v2\/posts\/307"}],"collection":[{"href":"https:\/\/www.tecnocortinas.com\/blog\/wp-json\/wp\/v2\/posts"}],"about":[{"href":"https:\/\/www.tecnocortinas.com\/blog\/wp-json\/wp\/v2\/types\/post"}],"author":[{"embeddable":true,"href":"https:\/\/www.tecnocortinas.com\/blog\/wp-json\/wp\/v2\/users\/2"}],"replies":[{"embeddable":true,"href":"https:\/\/www.tecnocortinas.com\/blog\/wp-json\/wp\/v2\/comments?post=307"}],"version-history":[{"count":4,"href":"https:\/\/www.tecnocortinas.com\/blog\/wp-json\/wp\/v2\/posts\/307\/revisions"}],"predecessor-version":[{"id":723,"href":"https:\/\/www.tecnocortinas.com\/blog\/wp-json\/wp\/v2\/posts\/307\/revisions\/723"}],"wp:attachment":[{"href":"https:\/\/www.tecnocortinas.com\/blog\/wp-json\/wp\/v2\/media?parent=307"}],"wp:term":[{"taxonomy":"category","embeddable":true,"href":"https:\/\/www.tecnocortinas.com\/blog\/wp-json\/wp\/v2\/categories?post=307"},{"taxonomy":"post_tag","embeddable":true,"href":"https:\/\/www.tecnocortinas.com\/blog\/wp-json\/wp\/v2\/tags?post=307"}],"curies":[{"name":"wp","href":"https:\/\/api.w.org\/{rel}","templated":true}]}}