{"id":348,"date":"2018-05-25T09:30:32","date_gmt":"2018-05-25T08:30:32","guid":{"rendered":"http:\/\/www.tecnocortinas.com\/blog\/?p=348"},"modified":"2020-04-09T11:59:02","modified_gmt":"2020-04-09T10:59:02","slug":"cortinas-para-el-verano","status":"publish","type":"post","link":"https:\/\/www.tecnocortinas.com\/blog\/cortinas-para-el-verano\/","title":{"rendered":"Cortinas para el Verano"},"content":{"rendered":"<div>\n<p>Con la entrada del buen tiempo, nos apetece dar un cambio a nuestro hogar, \u00bfverdad? necesitamos colorido, dejar pasar la luz natural por nuestras ventanas, en definitiva decorar nuestra casa para sentirnos mejor, creando un ambiente estival adecuado en cada dependencia de nuestra casa.<\/p>\n<p>A continuaci\u00f3n, te dar\u00e9 algunas \u201cpinceladas\u201d para decorar tus ventanas en verano:<\/p>\n<h3>FRESCURA, EST\u00c1MPADOS Y COLORIDO<\/h3>\n<p>El verano nos pide color, estampados que combinen con nuestros muebles de colores, blancos o de madera. Una cortina de este tipo, es ideal para vestir las <strong>ventanas<\/strong> de nuestro sal\u00f3n o dormitorio.<\/p>\n<h3>CORTINAS CON MOTIVOS GEOM\u00c9TRICOS<\/h3>\n<p>Los motivos geom\u00e9tricos o en cuadricula, dan sensaci\u00f3n de orden y quedan perfecta en una habitaci\u00f3n acorde al dise\u00f1o de tu hogar.<\/p>\n<p>Los colores blanco o azul y su forma geom\u00e9trica, combinar\u00e1n muy bien con la decoraci\u00f3n de tu casa como cojines o tapizados.<\/p>\n<h3>SAL\u00d3N CL\u00c1SICO<\/h3>\n<p>Si no tienes mucha <strong>luz natural<\/strong> en tu sal\u00f3n, la mejor opci\u00f3n es colocar unos <a href=\"https:\/\/www.tecnocortinas.com\/20-estores-enrollables-de-screeen\/\" target=\"_blank\" rel=\"noopener noreferrer\">estores enrollables<\/a> o una <strong>cortina<\/strong> lisa que deje pasar el sol por tu ventana.<\/p>\n<p>Materiales como el lino es perfecto para dejar pasar la luz natural.<\/p>\n<h3>SAL\u00d3N MODERNO<\/h3>\n<p>Para un sal\u00f3n de estilo moderno, basado en una decoraci\u00f3n en la que predomina las l\u00edneas rectas y los colores blanco y negro, la mejor opci\u00f3n es no llamar demasiado la atenci\u00f3n, no utilizando estampados ni colorido.<\/p>\n<p>Lo m\u00e1s aconsejable ser\u00eda apostar por un <strong>estor<\/strong> claro, as\u00ed te entrar\u00e1 m\u00e1s luz natural.<\/p>\n<h3>HABITACI\u00d3N DE LOS NI\u00d1OS<\/h3>\n<p>La habitaci\u00f3n de tus hijos la puedes decorar con estampados, dibujos y colores llamativos que combinen con un sinf\u00edn de juegos y juguetes, haciendo una habitaci\u00f3n divertida y juvenil.<\/p>\n<h3>TU DORMITORIO<\/h3>\n<p>Los dormitorios, es una de las dependencias de la casa que en <strong>verano<\/strong> cambian totalmente.<\/p>\n<p>Por ejemplo la ropa de cama es ligera y c\u00f3moda con diferentes colores. En esta instancia de tu hogar, te sugiero unas cortinas de colores claros para aprovechar al m\u00e1ximo la luz del d\u00eda.<\/p>\n<p>\u00a1Espero que te haya gustado! si tienes cualquier duda, ponte en contacto con nosotros, no dudaremos en responder a todas tu preguntas.<\/p>\n<\/div>\n<div style=\"text-align: left;\"><\/div>\n","protected":false},"excerpt":{"rendered":"<p>Con la entrada del buen tiempo, nos apetece dar un cambio a nuestro hogar, \u00bfverdad? necesitamos colorido, dejar pasar la luz natural por nuestras ventanas, en definitiva decorar nuestra casa para sentirnos mejor, creando un ambiente estival adecuado en cada dependencia de nuestra casa. A continuaci\u00f3n, te dar\u00e9 algunas \u201cpinceladas\u201d para decorar tus ventanas en [&hellip;]<\/p>\n","protected":false},"author":2,"featured_media":351,"comment_status":"closed","ping_status":"closed","sticky":false,"template":"","format":"standard","meta":{"_et_pb_use_builder":"","_et_pb_old_content":"","_et_gb_content_width":""},"categories":[6,3],"tags":[],"yoast_head":"<!-- This site is optimized with the Yoast SEO plugin v18.9 - https:\/\/yoast.com\/wordpress\/plugins\/seo\/ -->\n<title>Cortinas para el verano | Tips de decoraci\u00f3n<\/title>\n<meta name=\"description\" content=\"Descubre algunos consejos para decorar tus habitaciones con cortinas para el verano desde tu blog de decoraci\u00f3n Tecnocortinas con 25 a\u00f1os de experiencia.\" \/>\n<meta name=\"robots\" content=\"index, follow, max-snippet:-1, max-image-preview:large, max-video-preview:-1\" \/>\n<link rel=\"canonical\" href=\"https:\/\/www.tecnocortinas.com\/blog\/cortinas-para-el-verano\/\" \/>\n<meta property=\"og:locale\" content=\"es_ES\" \/>\n<meta property=\"og:type\" content=\"article\" \/>\n<meta property=\"og:title\" content=\"Cortinas para el verano | Tips de decoraci\u00f3n\" \/>\n<meta property=\"og:description\" content=\"Descubre algunos consejos para decorar tus habitaciones con cortinas para el verano desde tu blog de decoraci\u00f3n Tecnocortinas con 25 a\u00f1os de experiencia.\" \/>\n<meta property=\"og:url\" content=\"https:\/\/www.tecnocortinas.com\/blog\/cortinas-para-el-verano\/\" \/>\n<meta property=\"og:site_name\" content=\"Consejos y novedades en cortinas y estores Tecnocortinas\" \/>\n<meta property=\"article:published_time\" content=\"2018-05-25T08:30:32+00:00\" \/>\n<meta property=\"article:modified_time\" content=\"2020-04-09T10:59:02+00:00\" \/>\n<meta property=\"og:image\" content=\"https:\/\/www.tecnocortinas.com\/blog\/wp-content\/uploads\/2018\/05\/Estor-Paqueto.jpg\" \/>\n\t<meta property=\"og:image:width\" content=\"625\" \/>\n\t<meta property=\"og:image:height\" content=\"469\" \/>\n\t<meta property=\"og:image:type\" content=\"image\/jpeg\" \/>\n<meta name=\"twitter:card\" content=\"summary_large_image\" \/>\n<meta name=\"twitter:label1\" content=\"Escrito por\" \/>\n\t<meta name=\"twitter:data1\" content=\"Tecnocortinas\" \/>\n\t<meta name=\"twitter:label2\" content=\"Tiempo de lectura\" \/>\n\t<meta name=\"twitter:data2\" content=\"2 minutos\" \/>\n<script type=\"application\/ld+json\" class=\"yoast-schema-graph\">{\"@context\":\"https:\/\/schema.org\",\"@graph\":[{\"@type\":\"Organization\",\"@id\":\"https:\/\/www.tecnocortinas.com\/blog\/#organization\",\"name\":\"Tecnocortinas Blog\",\"url\":\"https:\/\/www.tecnocortinas.com\/blog\/\",\"sameAs\":[],\"logo\":{\"@type\":\"ImageObject\",\"inLanguage\":\"es\",\"@id\":\"https:\/\/www.tecnocortinas.com\/blog\/#\/schema\/logo\/image\/\",\"url\":\"https:\/\/www.tecnocortinas.com\/blog\/wp-content\/uploads\/2017\/09\/tecnocortinas-logo-1460657368.png\",\"contentUrl\":\"https:\/\/www.tecnocortinas.com\/blog\/wp-content\/uploads\/2017\/09\/tecnocortinas-logo-1460657368.png\",\"width\":183,\"height\":67,\"caption\":\"Tecnocortinas Blog\"},\"image\":{\"@id\":\"https:\/\/www.tecnocortinas.com\/blog\/#\/schema\/logo\/image\/\"}},{\"@type\":\"WebSite\",\"@id\":\"https:\/\/www.tecnocortinas.com\/blog\/#website\",\"url\":\"https:\/\/www.tecnocortinas.com\/blog\/\",\"name\":\"Consejos y novedades en cortinas y estores Tecnocortinas\",\"description\":\"Noticias y sugerencias para la decoraci\u00f3n con la \u00faltima moda en cortinas y estores desde tu tienda online Tecnocort\u00ednas\",\"publisher\":{\"@id\":\"https:\/\/www.tecnocortinas.com\/blog\/#organization\"},\"potentialAction\":[{\"@type\":\"SearchAction\",\"target\":{\"@type\":\"EntryPoint\",\"urlTemplate\":\"https:\/\/www.tecnocortinas.com\/blog\/?s={search_term_string}\"},\"query-input\":\"required name=search_term_string\"}],\"inLanguage\":\"es\"},{\"@type\":\"ImageObject\",\"inLanguage\":\"es\",\"@id\":\"https:\/\/www.tecnocortinas.com\/blog\/cortinas-para-el-verano\/#primaryimage\",\"url\":\"https:\/\/www.tecnocortinas.com\/blog\/wp-content\/uploads\/2018\/05\/Estor-Paqueto.jpg\",\"contentUrl\":\"https:\/\/www.tecnocortinas.com\/blog\/wp-content\/uploads\/2018\/05\/Estor-Paqueto.jpg\",\"width\":625,\"height\":469,\"caption\":\"estor paqueto\"},{\"@type\":[\"WebPage\",\"ItemPage\"],\"@id\":\"https:\/\/www.tecnocortinas.com\/blog\/cortinas-para-el-verano\/#webpage\",\"url\":\"https:\/\/www.tecnocortinas.com\/blog\/cortinas-para-el-verano\/\",\"name\":\"Cortinas para el verano | Tips de decoraci\u00f3n\",\"isPartOf\":{\"@id\":\"https:\/\/www.tecnocortinas.com\/blog\/#website\"},\"primaryImageOfPage\":{\"@id\":\"https:\/\/www.tecnocortinas.com\/blog\/cortinas-para-el-verano\/#primaryimage\"},\"datePublished\":\"2018-05-25T08:30:32+00:00\",\"dateModified\":\"2020-04-09T10:59:02+00:00\",\"description\":\"Descubre algunos consejos para decorar tus habitaciones con cortinas para el verano desde tu blog de decoraci\u00f3n Tecnocortinas con 25 a\u00f1os de experiencia.\",\"breadcrumb\":{\"@id\":\"https:\/\/www.tecnocortinas.com\/blog\/cortinas-para-el-verano\/#breadcrumb\"},\"inLanguage\":\"es\",\"potentialAction\":[{\"@type\":\"ReadAction\",\"target\":[\"https:\/\/www.tecnocortinas.com\/blog\/cortinas-para-el-verano\/\"]}]},{\"@type\":\"BreadcrumbList\",\"@id\":\"https:\/\/www.tecnocortinas.com\/blog\/cortinas-para-el-verano\/#breadcrumb\",\"itemListElement\":[{\"@type\":\"ListItem\",\"position\":1,\"name\":\"Portada\",\"item\":\"https:\/\/www.tecnocortinas.com\/blog\/\"},{\"@type\":\"ListItem\",\"position\":2,\"name\":\"Cortinas para el Verano\"}]},{\"@type\":\"Article\",\"@id\":\"https:\/\/www.tecnocortinas.com\/blog\/cortinas-para-el-verano\/#article\",\"isPartOf\":{\"@id\":\"https:\/\/www.tecnocortinas.com\/blog\/cortinas-para-el-verano\/#webpage\"},\"author\":{\"@id\":\"https:\/\/www.tecnocortinas.com\/blog\/#\/schema\/person\/2bbd38c5d0dae0d3f725d8a768ccabc2\"},\"headline\":\"Cortinas para el Verano\",\"datePublished\":\"2018-05-25T08:30:32+00:00\",\"dateModified\":\"2020-04-09T10:59:02+00:00\",\"mainEntityOfPage\":{\"@id\":\"https:\/\/www.tecnocortinas.com\/blog\/cortinas-para-el-verano\/#webpage\"},\"wordCount\":380,\"publisher\":{\"@id\":\"https:\/\/www.tecnocortinas.com\/blog\/#organization\"},\"image\":{\"@id\":\"https:\/\/www.tecnocortinas.com\/blog\/cortinas-para-el-verano\/#primaryimage\"},\"thumbnailUrl\":\"https:\/\/www.tecnocortinas.com\/blog\/wp-content\/uploads\/2018\/05\/Estor-Paqueto.jpg\",\"articleSection\":[\"Consejos\",\"La Cortina\"],\"inLanguage\":\"es\"},{\"@type\":\"Person\",\"@id\":\"https:\/\/www.tecnocortinas.com\/blog\/#\/schema\/person\/2bbd38c5d0dae0d3f725d8a768ccabc2\",\"name\":\"Tecnocortinas\",\"image\":{\"@type\":\"ImageObject\",\"inLanguage\":\"es\",\"@id\":\"https:\/\/www.tecnocortinas.com\/blog\/#\/schema\/person\/image\/\",\"url\":\"https:\/\/secure.gravatar.com\/avatar\/bb2de11030b70e897d5027b7b7a75604?s=96&d=mm&r=g\",\"contentUrl\":\"https:\/\/secure.gravatar.com\/avatar\/bb2de11030b70e897d5027b7b7a75604?s=96&d=mm&r=g\",\"caption\":\"Tecnocortinas\"}}]}<\/script>\n<!-- \/ Yoast SEO plugin. -->","yoast_head_json":{"title":"Cortinas para el verano | Tips de decoraci\u00f3n","description":"Descubre algunos consejos para decorar tus habitaciones con cortinas para el verano desde tu blog de decoraci\u00f3n Tecnocortinas con 25 a\u00f1os de experiencia.","robots":{"index":"index","follow":"follow","max-snippet":"max-snippet:-1","max-image-preview":"max-image-preview:large","max-video-preview":"max-video-preview:-1"},"canonical":"https:\/\/www.tecnocortinas.com\/blog\/cortinas-para-el-verano\/","og_locale":"es_ES","og_type":"article","og_title":"Cortinas para el verano | Tips de decoraci\u00f3n","og_description":"Descubre algunos consejos para decorar tus habitaciones con cortinas para el verano desde tu blog de decoraci\u00f3n Tecnocortinas con 25 a\u00f1os de experiencia.","og_url":"https:\/\/www.tecnocortinas.com\/blog\/cortinas-para-el-verano\/","og_site_name":"Consejos y novedades en cortinas y estores Tecnocortinas","article_published_time":"2018-05-25T08:30:32+00:00","article_modified_time":"2020-04-09T10:59:02+00:00","og_image":[{"width":625,"height":469,"url":"https:\/\/www.tecnocortinas.com\/blog\/wp-content\/uploads\/2018\/05\/Estor-Paqueto.jpg","type":"image\/jpeg"}],"twitter_card":"summary_large_image","twitter_misc":{"Escrito por":"Tecnocortinas","Tiempo de lectura":"2 minutos"},"schema":{"@context":"https:\/\/schema.org","@graph":[{"@type":"Organization","@id":"https:\/\/www.tecnocortinas.com\/blog\/#organization","name":"Tecnocortinas Blog","url":"https:\/\/www.tecnocortinas.com\/blog\/","sameAs":[],"logo":{"@type":"ImageObject","inLanguage":"es","@id":"https:\/\/www.tecnocortinas.com\/blog\/#\/schema\/logo\/image\/","url":"https:\/\/www.tecnocortinas.com\/blog\/wp-content\/uploads\/2017\/09\/tecnocortinas-logo-1460657368.png","contentUrl":"https:\/\/www.tecnocortinas.com\/blog\/wp-content\/uploads\/2017\/09\/tecnocortinas-logo-1460657368.png","width":183,"height":67,"caption":"Tecnocortinas Blog"},"image":{"@id":"https:\/\/www.tecnocortinas.com\/blog\/#\/schema\/logo\/image\/"}},{"@type":"WebSite","@id":"https:\/\/www.tecnocortinas.com\/blog\/#website","url":"https:\/\/www.tecnocortinas.com\/blog\/","name":"Consejos y novedades en cortinas y estores Tecnocortinas","description":"Noticias y sugerencias para la decoraci\u00f3n con la \u00faltima moda en cortinas y estores desde tu tienda online Tecnocort\u00ednas","publisher":{"@id":"https:\/\/www.tecnocortinas.com\/blog\/#organization"},"potentialAction":[{"@type":"SearchAction","target":{"@type":"EntryPoint","urlTemplate":"https:\/\/www.tecnocortinas.com\/blog\/?s={search_term_string}"},"query-input":"required name=search_term_string"}],"inLanguage":"es"},{"@type":"ImageObject","inLanguage":"es","@id":"https:\/\/www.tecnocortinas.com\/blog\/cortinas-para-el-verano\/#primaryimage","url":"https:\/\/www.tecnocortinas.com\/blog\/wp-content\/uploads\/2018\/05\/Estor-Paqueto.jpg","contentUrl":"https:\/\/www.tecnocortinas.com\/blog\/wp-content\/uploads\/2018\/05\/Estor-Paqueto.jpg","width":625,"height":469,"caption":"estor paqueto"},{"@type":["WebPage","ItemPage"],"@id":"https:\/\/www.tecnocortinas.com\/blog\/cortinas-para-el-verano\/#webpage","url":"https:\/\/www.tecnocortinas.com\/blog\/cortinas-para-el-verano\/","name":"Cortinas para el verano | Tips de decoraci\u00f3n","isPartOf":{"@id":"https:\/\/www.tecnocortinas.com\/blog\/#website"},"primaryImageOfPage":{"@id":"https:\/\/www.tecnocortinas.com\/blog\/cortinas-para-el-verano\/#primaryimage"},"datePublished":"2018-05-25T08:30:32+00:00","dateModified":"2020-04-09T10:59:02+00:00","description":"Descubre algunos consejos para decorar tus habitaciones con cortinas para el verano desde tu blog de decoraci\u00f3n Tecnocortinas con 25 a\u00f1os de experiencia.","breadcrumb":{"@id":"https:\/\/www.tecnocortinas.com\/blog\/cortinas-para-el-verano\/#breadcrumb"},"inLanguage":"es","potentialAction":[{"@type":"ReadAction","target":["https:\/\/www.tecnocortinas.com\/blog\/cortinas-para-el-verano\/"]}]},{"@type":"BreadcrumbList","@id":"https:\/\/www.tecnocortinas.com\/blog\/cortinas-para-el-verano\/#breadcrumb","itemListElement":[{"@type":"ListItem","position":1,"name":"Portada","item":"https:\/\/www.tecnocortinas.com\/blog\/"},{"@type":"ListItem","position":2,"name":"Cortinas para el Verano"}]},{"@type":"Article","@id":"https:\/\/www.tecnocortinas.com\/blog\/cortinas-para-el-verano\/#article","isPartOf":{"@id":"https:\/\/www.tecnocortinas.com\/blog\/cortinas-para-el-verano\/#webpage"},"author":{"@id":"https:\/\/www.tecnocortinas.com\/blog\/#\/schema\/person\/2bbd38c5d0dae0d3f725d8a768ccabc2"},"headline":"Cortinas para el Verano","datePublished":"2018-05-25T08:30:32+00:00","dateModified":"2020-04-09T10:59:02+00:00","mainEntityOfPage":{"@id":"https:\/\/www.tecnocortinas.com\/blog\/cortinas-para-el-verano\/#webpage"},"wordCount":380,"publisher":{"@id":"https:\/\/www.tecnocortinas.com\/blog\/#organization"},"image":{"@id":"https:\/\/www.tecnocortinas.com\/blog\/cortinas-para-el-verano\/#primaryimage"},"thumbnailUrl":"https:\/\/www.tecnocortinas.com\/blog\/wp-content\/uploads\/2018\/05\/Estor-Paqueto.jpg","articleSection":["Consejos","La Cortina"],"inLanguage":"es"},{"@type":"Person","@id":"https:\/\/www.tecnocortinas.com\/blog\/#\/schema\/person\/2bbd38c5d0dae0d3f725d8a768ccabc2","name":"Tecnocortinas","image":{"@type":"ImageObject","inLanguage":"es","@id":"https:\/\/www.tecnocortinas.com\/blog\/#\/schema\/person\/image\/","url":"https:\/\/secure.gravatar.com\/avatar\/bb2de11030b70e897d5027b7b7a75604?s=96&d=mm&r=g","contentUrl":"https:\/\/secure.gravatar.com\/avatar\/bb2de11030b70e897d5027b7b7a75604?s=96&d=mm&r=g","caption":"Tecnocortinas"}}]}},"_links":{"self":[{"href":"https:\/\/www.tecnocortinas.com\/blog\/wp-json\/wp\/v2\/posts\/348"}],"collection":[{"href":"https:\/\/www.tecnocortinas.com\/blog\/wp-json\/wp\/v2\/posts"}],"about":[{"href":"https:\/\/www.tecnocortinas.com\/blog\/wp-json\/wp\/v2\/types\/post"}],"author":[{"embeddable":true,"href":"https:\/\/www.tecnocortinas.com\/blog\/wp-json\/wp\/v2\/users\/2"}],"replies":[{"embeddable":true,"href":"https:\/\/www.tecnocortinas.com\/blog\/wp-json\/wp\/v2\/comments?post=348"}],"version-history":[{"count":21,"href":"https:\/\/www.tecnocortinas.com\/blog\/wp-json\/wp\/v2\/posts\/348\/revisions"}],"predecessor-version":[{"id":510,"href":"https:\/\/www.tecnocortinas.com\/blog\/wp-json\/wp\/v2\/posts\/348\/revisions\/510"}],"wp:featuredmedia":[{"embeddable":true,"href":"https:\/\/www.tecnocortinas.com\/blog\/wp-json\/wp\/v2\/media\/351"}],"wp:attachment":[{"href":"https:\/\/www.tecnocortinas.com\/blog\/wp-json\/wp\/v2\/media?parent=348"}],"wp:term":[{"taxonomy":"category","embeddable":true,"href":"https:\/\/www.tecnocortinas.com\/blog\/wp-json\/wp\/v2\/categories?post=348"},{"taxonomy":"post_tag","embeddable":true,"href":"https:\/\/www.tecnocortinas.com\/blog\/wp-json\/wp\/v2\/tags?post=348"}],"curies":[{"name":"wp","href":"https:\/\/api.w.org\/{rel}","templated":true}]}}