{"id":95,"date":"2014-05-15T16:35:56","date_gmt":"2014-05-15T16:35:56","guid":{"rendered":"http:\/\/www.tecnocortinas.com\/blog\/?p=95"},"modified":"2020-05-11T08:52:33","modified_gmt":"2020-05-11T07:52:33","slug":"sabor-colonial-en-blanco","status":"publish","type":"post","link":"https:\/\/www.tecnocortinas.com\/blog\/sabor-colonial-en-blanco\/","title":{"rendered":"SABOR COLONIAL EN BLANCO"},"content":{"rendered":"<p>La decoraci\u00f3n evoluciona, esta evoluci\u00f3n lleva a cambios en las tendencias y en estos momentos a un giro hacia un estilo mas elegante y refinado. Muchos decoradores ya est\u00e1n realizando buena parte de sus trabajos con este tipo de est\u00e9tica aportando proyectos donde el sabor antiguo renace con nuevos acabados y con un look mas contempor\u00e1neo.<\/p>\n<p>Dentro de esta tendencia una de las versiones mas utilizadas es la del mueble con un aire r\u00fastico o colonial en acabados claros, como el blanco, este color en el mobiliario aporta ligereza dentro de las formas mas robustas y marcadas de este tipo de mueble, ademas tiene la caracter\u00edstica a la hora de decorar sobre el, sobre un mueble blanco, de que realza notablemente cualquier pieza de decoraci\u00f3n que pongamos sobre el, ya sea un recipiente de cristal con ramas o flores, tambi\u00e9n un objeto de cer\u00e1mica o cristal en un color vivo. Todo es realzado en un mueble blanco, por lo tanto hay que aprovecharlo cuando se decora con este tipo de muebles y colocar detalles vistosos y elegantes por que tendr\u00e1n un importancia visual extraordinaria y marcar\u00e1n la diferencia entre lo normal y lo realmente bello.<\/p>\n<p>Otro punto a tener en cuenta cuando se decora con mobiliario en color blanco es que color utilizar para rodearlo, es decir, \u00a0para las paredes, pues bien, realmente se puede utilizar una paleta de colores muy grande por que el blanco es un color al que le queda bien casi cualquier tono pero la tendencia es a te\u00f1ir las paredes con colores naturales y claros como el propio color blanco, gris piedra, color lino y tostados claros que dan el punto justo de contraste con el tono del mueble sin quedar demasiado estridente.<\/p>\n<p>Animaros a dar un nuevo look a tu vuestra casa y apuesta este tipo de decoraci\u00f3n es intemporal y deliciosa, fresca y elegante&#8230;..sabor colonial en blanco&#8230;.<\/p>\n","protected":false},"excerpt":{"rendered":"<p>La decoraci\u00f3n evoluciona, esta evoluci\u00f3n lleva a cambios en las tendencias y en estos momentos a un giro hacia un estilo mas elegante y refinado. Muchos decoradores ya est\u00e1n realizando buena parte de sus trabajos con este tipo de est\u00e9tica aportando proyectos donde el sabor antiguo renace con nuevos acabados y con un look mas [&hellip;]<\/p>\n","protected":false},"author":2,"featured_media":96,"comment_status":"closed","ping_status":"closed","sticky":false,"template":"","format":"standard","meta":{"_et_pb_use_builder":"","_et_pb_old_content":"","_et_gb_content_width":""},"categories":[4],"tags":[],"yoast_head":"<!-- This site is optimized with the Yoast SEO plugin v18.9 - https:\/\/yoast.com\/wordpress\/plugins\/seo\/ -->\n<title>Llega en sabor colonial en blanco<\/title>\n<meta name=\"description\" content=\"Vuelve el colonialismo en la moda del hogar, en Tecnocortinas te mostramos algunas pinceladas de lo que puede llegar a convertirse tu casa.\" \/>\n<meta name=\"robots\" content=\"index, follow, max-snippet:-1, max-image-preview:large, max-video-preview:-1\" \/>\n<link rel=\"canonical\" href=\"https:\/\/www.tecnocortinas.com\/blog\/sabor-colonial-en-blanco\/\" \/>\n<meta property=\"og:locale\" content=\"es_ES\" \/>\n<meta property=\"og:type\" content=\"article\" \/>\n<meta property=\"og:title\" content=\"Llega en sabor colonial en blanco\" \/>\n<meta property=\"og:description\" content=\"Vuelve el colonialismo en la moda del hogar, en Tecnocortinas te mostramos algunas pinceladas de lo que puede llegar a convertirse tu casa.\" \/>\n<meta property=\"og:url\" content=\"https:\/\/www.tecnocortinas.com\/blog\/sabor-colonial-en-blanco\/\" \/>\n<meta property=\"og:site_name\" content=\"Consejos y novedades en cortinas y estores Tecnocortinas\" \/>\n<meta property=\"article:published_time\" content=\"2014-05-15T16:35:56+00:00\" \/>\n<meta property=\"article:modified_time\" content=\"2020-05-11T07:52:33+00:00\" \/>\n<meta property=\"og:image\" content=\"https:\/\/www.tecnocortinas.com\/blog\/wp-content\/uploads\/2014\/05\/IMG_0457-1024x682.jpg\" \/>\n\t<meta property=\"og:image:width\" content=\"1024\" \/>\n\t<meta property=\"og:image:height\" content=\"682\" \/>\n\t<meta property=\"og:image:type\" content=\"image\/jpeg\" \/>\n<meta name=\"twitter:card\" content=\"summary_large_image\" \/>\n<meta name=\"twitter:label1\" content=\"Escrito por\" \/>\n\t<meta name=\"twitter:data1\" content=\"Tecnocortinas\" \/>\n\t<meta name=\"twitter:label2\" content=\"Tiempo de lectura\" \/>\n\t<meta name=\"twitter:data2\" content=\"2 minutos\" \/>\n<script type=\"application\/ld+json\" class=\"yoast-schema-graph\">{\"@context\":\"https:\/\/schema.org\",\"@graph\":[{\"@type\":\"Organization\",\"@id\":\"https:\/\/www.tecnocortinas.com\/blog\/#organization\",\"name\":\"Tecnocortinas Blog\",\"url\":\"https:\/\/www.tecnocortinas.com\/blog\/\",\"sameAs\":[],\"logo\":{\"@type\":\"ImageObject\",\"inLanguage\":\"es\",\"@id\":\"https:\/\/www.tecnocortinas.com\/blog\/#\/schema\/logo\/image\/\",\"url\":\"https:\/\/www.tecnocortinas.com\/blog\/wp-content\/uploads\/2017\/09\/tecnocortinas-logo-1460657368.png\",\"contentUrl\":\"https:\/\/www.tecnocortinas.com\/blog\/wp-content\/uploads\/2017\/09\/tecnocortinas-logo-1460657368.png\",\"width\":183,\"height\":67,\"caption\":\"Tecnocortinas Blog\"},\"image\":{\"@id\":\"https:\/\/www.tecnocortinas.com\/blog\/#\/schema\/logo\/image\/\"}},{\"@type\":\"WebSite\",\"@id\":\"https:\/\/www.tecnocortinas.com\/blog\/#website\",\"url\":\"https:\/\/www.tecnocortinas.com\/blog\/\",\"name\":\"Consejos y novedades en cortinas y estores Tecnocortinas\",\"description\":\"Noticias y sugerencias para la decoraci\u00f3n con la \u00faltima moda en cortinas y estores desde tu tienda online Tecnocort\u00ednas\",\"publisher\":{\"@id\":\"https:\/\/www.tecnocortinas.com\/blog\/#organization\"},\"potentialAction\":[{\"@type\":\"SearchAction\",\"target\":{\"@type\":\"EntryPoint\",\"urlTemplate\":\"https:\/\/www.tecnocortinas.com\/blog\/?s={search_term_string}\"},\"query-input\":\"required name=search_term_string\"}],\"inLanguage\":\"es\"},{\"@type\":\"ImageObject\",\"inLanguage\":\"es\",\"@id\":\"https:\/\/www.tecnocortinas.com\/blog\/sabor-colonial-en-blanco\/#primaryimage\",\"url\":\"https:\/\/www.tecnocortinas.com\/blog\/wp-content\/uploads\/2014\/05\/IMG_0457.jpg\",\"contentUrl\":\"https:\/\/www.tecnocortinas.com\/blog\/wp-content\/uploads\/2014\/05\/IMG_0457.jpg\",\"width\":4272,\"height\":2848,\"caption\":\"SABOR COLONIAL EN BLANCO\"},{\"@type\":[\"WebPage\",\"ItemPage\"],\"@id\":\"https:\/\/www.tecnocortinas.com\/blog\/sabor-colonial-en-blanco\/#webpage\",\"url\":\"https:\/\/www.tecnocortinas.com\/blog\/sabor-colonial-en-blanco\/\",\"name\":\"Llega en sabor colonial en blanco\",\"isPartOf\":{\"@id\":\"https:\/\/www.tecnocortinas.com\/blog\/#website\"},\"primaryImageOfPage\":{\"@id\":\"https:\/\/www.tecnocortinas.com\/blog\/sabor-colonial-en-blanco\/#primaryimage\"},\"datePublished\":\"2014-05-15T16:35:56+00:00\",\"dateModified\":\"2020-05-11T07:52:33+00:00\",\"description\":\"Vuelve el colonialismo en la moda del hogar, en Tecnocortinas te mostramos algunas pinceladas de lo que puede llegar a convertirse tu casa.\",\"breadcrumb\":{\"@id\":\"https:\/\/www.tecnocortinas.com\/blog\/sabor-colonial-en-blanco\/#breadcrumb\"},\"inLanguage\":\"es\",\"potentialAction\":[{\"@type\":\"ReadAction\",\"target\":[\"https:\/\/www.tecnocortinas.com\/blog\/sabor-colonial-en-blanco\/\"]}]},{\"@type\":\"BreadcrumbList\",\"@id\":\"https:\/\/www.tecnocortinas.com\/blog\/sabor-colonial-en-blanco\/#breadcrumb\",\"itemListElement\":[{\"@type\":\"ListItem\",\"position\":1,\"name\":\"Portada\",\"item\":\"https:\/\/www.tecnocortinas.com\/blog\/\"},{\"@type\":\"ListItem\",\"position\":2,\"name\":\"SABOR COLONIAL EN BLANCO\"}]},{\"@type\":\"Article\",\"@id\":\"https:\/\/www.tecnocortinas.com\/blog\/sabor-colonial-en-blanco\/#article\",\"isPartOf\":{\"@id\":\"https:\/\/www.tecnocortinas.com\/blog\/sabor-colonial-en-blanco\/#webpage\"},\"author\":{\"@id\":\"https:\/\/www.tecnocortinas.com\/blog\/#\/schema\/person\/2bbd38c5d0dae0d3f725d8a768ccabc2\"},\"headline\":\"SABOR COLONIAL EN BLANCO\",\"datePublished\":\"2014-05-15T16:35:56+00:00\",\"dateModified\":\"2020-05-11T07:52:33+00:00\",\"mainEntityOfPage\":{\"@id\":\"https:\/\/www.tecnocortinas.com\/blog\/sabor-colonial-en-blanco\/#webpage\"},\"wordCount\":333,\"publisher\":{\"@id\":\"https:\/\/www.tecnocortinas.com\/blog\/#organization\"},\"image\":{\"@id\":\"https:\/\/www.tecnocortinas.com\/blog\/sabor-colonial-en-blanco\/#primaryimage\"},\"thumbnailUrl\":\"https:\/\/www.tecnocortinas.com\/blog\/wp-content\/uploads\/2014\/05\/IMG_0457.jpg\",\"articleSection\":[\"La Decoraci\u00f3n\"],\"inLanguage\":\"es\"},{\"@type\":\"Person\",\"@id\":\"https:\/\/www.tecnocortinas.com\/blog\/#\/schema\/person\/2bbd38c5d0dae0d3f725d8a768ccabc2\",\"name\":\"Tecnocortinas\",\"image\":{\"@type\":\"ImageObject\",\"inLanguage\":\"es\",\"@id\":\"https:\/\/www.tecnocortinas.com\/blog\/#\/schema\/person\/image\/\",\"url\":\"https:\/\/secure.gravatar.com\/avatar\/bb2de11030b70e897d5027b7b7a75604?s=96&d=mm&r=g\",\"contentUrl\":\"https:\/\/secure.gravatar.com\/avatar\/bb2de11030b70e897d5027b7b7a75604?s=96&d=mm&r=g\",\"caption\":\"Tecnocortinas\"}}]}<\/script>\n<!-- \/ Yoast SEO plugin. -->","yoast_head_json":{"title":"Llega en sabor colonial en blanco","description":"Vuelve el colonialismo en la moda del hogar, en Tecnocortinas te mostramos algunas pinceladas de lo que puede llegar a convertirse tu casa.","robots":{"index":"index","follow":"follow","max-snippet":"max-snippet:-1","max-image-preview":"max-image-preview:large","max-video-preview":"max-video-preview:-1"},"canonical":"https:\/\/www.tecnocortinas.com\/blog\/sabor-colonial-en-blanco\/","og_locale":"es_ES","og_type":"article","og_title":"Llega en sabor colonial en blanco","og_description":"Vuelve el colonialismo en la moda del hogar, en Tecnocortinas te mostramos algunas pinceladas de lo que puede llegar a convertirse tu casa.","og_url":"https:\/\/www.tecnocortinas.com\/blog\/sabor-colonial-en-blanco\/","og_site_name":"Consejos y novedades en cortinas y estores Tecnocortinas","article_published_time":"2014-05-15T16:35:56+00:00","article_modified_time":"2020-05-11T07:52:33+00:00","og_image":[{"width":1024,"height":682,"url":"https:\/\/www.tecnocortinas.com\/blog\/wp-content\/uploads\/2014\/05\/IMG_0457-1024x682.jpg","type":"image\/jpeg"}],"twitter_card":"summary_large_image","twitter_misc":{"Escrito por":"Tecnocortinas","Tiempo de lectura":"2 minutos"},"schema":{"@context":"https:\/\/schema.org","@graph":[{"@type":"Organization","@id":"https:\/\/www.tecnocortinas.com\/blog\/#organization","name":"Tecnocortinas Blog","url":"https:\/\/www.tecnocortinas.com\/blog\/","sameAs":[],"logo":{"@type":"ImageObject","inLanguage":"es","@id":"https:\/\/www.tecnocortinas.com\/blog\/#\/schema\/logo\/image\/","url":"https:\/\/www.tecnocortinas.com\/blog\/wp-content\/uploads\/2017\/09\/tecnocortinas-logo-1460657368.png","contentUrl":"https:\/\/www.tecnocortinas.com\/blog\/wp-content\/uploads\/2017\/09\/tecnocortinas-logo-1460657368.png","width":183,"height":67,"caption":"Tecnocortinas Blog"},"image":{"@id":"https:\/\/www.tecnocortinas.com\/blog\/#\/schema\/logo\/image\/"}},{"@type":"WebSite","@id":"https:\/\/www.tecnocortinas.com\/blog\/#website","url":"https:\/\/www.tecnocortinas.com\/blog\/","name":"Consejos y novedades en cortinas y estores Tecnocortinas","description":"Noticias y sugerencias para la decoraci\u00f3n con la \u00faltima moda en cortinas y estores desde tu tienda online Tecnocort\u00ednas","publisher":{"@id":"https:\/\/www.tecnocortinas.com\/blog\/#organization"},"potentialAction":[{"@type":"SearchAction","target":{"@type":"EntryPoint","urlTemplate":"https:\/\/www.tecnocortinas.com\/blog\/?s={search_term_string}"},"query-input":"required name=search_term_string"}],"inLanguage":"es"},{"@type":"ImageObject","inLanguage":"es","@id":"https:\/\/www.tecnocortinas.com\/blog\/sabor-colonial-en-blanco\/#primaryimage","url":"https:\/\/www.tecnocortinas.com\/blog\/wp-content\/uploads\/2014\/05\/IMG_0457.jpg","contentUrl":"https:\/\/www.tecnocortinas.com\/blog\/wp-content\/uploads\/2014\/05\/IMG_0457.jpg","width":4272,"height":2848,"caption":"SABOR COLONIAL EN BLANCO"},{"@type":["WebPage","ItemPage"],"@id":"https:\/\/www.tecnocortinas.com\/blog\/sabor-colonial-en-blanco\/#webpage","url":"https:\/\/www.tecnocortinas.com\/blog\/sabor-colonial-en-blanco\/","name":"Llega en sabor colonial en blanco","isPartOf":{"@id":"https:\/\/www.tecnocortinas.com\/blog\/#website"},"primaryImageOfPage":{"@id":"https:\/\/www.tecnocortinas.com\/blog\/sabor-colonial-en-blanco\/#primaryimage"},"datePublished":"2014-05-15T16:35:56+00:00","dateModified":"2020-05-11T07:52:33+00:00","description":"Vuelve el colonialismo en la moda del hogar, en Tecnocortinas te mostramos algunas pinceladas de lo que puede llegar a convertirse tu casa.","breadcrumb":{"@id":"https:\/\/www.tecnocortinas.com\/blog\/sabor-colonial-en-blanco\/#breadcrumb"},"inLanguage":"es","potentialAction":[{"@type":"ReadAction","target":["https:\/\/www.tecnocortinas.com\/blog\/sabor-colonial-en-blanco\/"]}]},{"@type":"BreadcrumbList","@id":"https:\/\/www.tecnocortinas.com\/blog\/sabor-colonial-en-blanco\/#breadcrumb","itemListElement":[{"@type":"ListItem","position":1,"name":"Portada","item":"https:\/\/www.tecnocortinas.com\/blog\/"},{"@type":"ListItem","position":2,"name":"SABOR COLONIAL EN BLANCO"}]},{"@type":"Article","@id":"https:\/\/www.tecnocortinas.com\/blog\/sabor-colonial-en-blanco\/#article","isPartOf":{"@id":"https:\/\/www.tecnocortinas.com\/blog\/sabor-colonial-en-blanco\/#webpage"},"author":{"@id":"https:\/\/www.tecnocortinas.com\/blog\/#\/schema\/person\/2bbd38c5d0dae0d3f725d8a768ccabc2"},"headline":"SABOR COLONIAL EN BLANCO","datePublished":"2014-05-15T16:35:56+00:00","dateModified":"2020-05-11T07:52:33+00:00","mainEntityOfPage":{"@id":"https:\/\/www.tecnocortinas.com\/blog\/sabor-colonial-en-blanco\/#webpage"},"wordCount":333,"publisher":{"@id":"https:\/\/www.tecnocortinas.com\/blog\/#organization"},"image":{"@id":"https:\/\/www.tecnocortinas.com\/blog\/sabor-colonial-en-blanco\/#primaryimage"},"thumbnailUrl":"https:\/\/www.tecnocortinas.com\/blog\/wp-content\/uploads\/2014\/05\/IMG_0457.jpg","articleSection":["La Decoraci\u00f3n"],"inLanguage":"es"},{"@type":"Person","@id":"https:\/\/www.tecnocortinas.com\/blog\/#\/schema\/person\/2bbd38c5d0dae0d3f725d8a768ccabc2","name":"Tecnocortinas","image":{"@type":"ImageObject","inLanguage":"es","@id":"https:\/\/www.tecnocortinas.com\/blog\/#\/schema\/person\/image\/","url":"https:\/\/secure.gravatar.com\/avatar\/bb2de11030b70e897d5027b7b7a75604?s=96&d=mm&r=g","contentUrl":"https:\/\/secure.gravatar.com\/avatar\/bb2de11030b70e897d5027b7b7a75604?s=96&d=mm&r=g","caption":"Tecnocortinas"}}]}},"_links":{"self":[{"href":"https:\/\/www.tecnocortinas.com\/blog\/wp-json\/wp\/v2\/posts\/95"}],"collection":[{"href":"https:\/\/www.tecnocortinas.com\/blog\/wp-json\/wp\/v2\/posts"}],"about":[{"href":"https:\/\/www.tecnocortinas.com\/blog\/wp-json\/wp\/v2\/types\/post"}],"author":[{"embeddable":true,"href":"https:\/\/www.tecnocortinas.com\/blog\/wp-json\/wp\/v2\/users\/2"}],"replies":[{"embeddable":true,"href":"https:\/\/www.tecnocortinas.com\/blog\/wp-json\/wp\/v2\/comments?post=95"}],"version-history":[{"count":3,"href":"https:\/\/www.tecnocortinas.com\/blog\/wp-json\/wp\/v2\/posts\/95\/revisions"}],"predecessor-version":[{"id":99,"href":"https:\/\/www.tecnocortinas.com\/blog\/wp-json\/wp\/v2\/posts\/95\/revisions\/99"}],"wp:featuredmedia":[{"embeddable":true,"href":"https:\/\/www.tecnocortinas.com\/blog\/wp-json\/wp\/v2\/media\/96"}],"wp:attachment":[{"href":"https:\/\/www.tecnocortinas.com\/blog\/wp-json\/wp\/v2\/media?parent=95"}],"wp:term":[{"taxonomy":"category","embeddable":true,"href":"https:\/\/www.tecnocortinas.com\/blog\/wp-json\/wp\/v2\/categories?post=95"},{"taxonomy":"post_tag","embeddable":true,"href":"https:\/\/www.tecnocortinas.com\/blog\/wp-json\/wp\/v2\/tags?post=95"}],"curies":[{"name":"wp","href":"https:\/\/api.w.org\/{rel}","templated":true}]}}